{"id":196,"date":"2023-12-18T12:35:17","date_gmt":"2023-12-18T12:35:17","guid":{"rendered":"https:\/\/profaj.co\/alsagrup\/?p=196"},"modified":"2023-12-18T12:35:17","modified_gmt":"2023-12-18T12:35:17","slug":"komurun-gelecegi-surdurulebilirlik-ve-enerji-sektorundeki-yeri","status":"publish","type":"post","link":"https:\/\/profaj.co\/alsagrup\/komurun-gelecegi-surdurulebilirlik-ve-enerji-sektorundeki-yeri\/","title":{"rendered":"K\u00f6m\u00fcr\u00fcn Gelece\u011fi: S\u00fcrd\u00fcr\u00fclebilirlik ve Enerji Sekt\u00f6r\u00fcndeki Yeri"},"content":{"rendered":"","protected":false},"excerpt":{"rendered":"<p>K\u00f6m\u00fcr enerjisinin s\u00fcrd\u00fcr\u00fclebilirlik a\u00e7\u0131s\u0131ndan evrimi ve gelecekteki<br \/>\nrol\u00fc \u00fczerine bir inceleme.<\/p>\n","protected":false},"author":1,"featured_media":197,"comment_status":"open","ping_status":"open","sticky":false,"template":"","format":"standard","meta":{"footnotes":""},"categories":[11],"tags":[],"class_list":["post-196","post","type-post","status-publish","format-standard","has-post-thumbnail","hentry","category-blog"],"_links":{"self":[{"href":"https:\/\/profaj.co\/alsagrup\/wp-json\/wp\/v2\/posts\/196","targetHints":{"allow":["GET"]}}],"collection":[{"href":"https:\/\/profaj.co\/alsagrup\/wp-json\/wp\/v2\/posts"}],"about":[{"href":"https:\/\/profaj.co\/alsagrup\/wp-json\/wp\/v2\/types\/post"}],"author":[{"embeddable":true,"href":"https:\/\/profaj.co\/alsagrup\/wp-json\/wp\/v2\/users\/1"}],"replies":[{"embeddable":true,"href":"https:\/\/profaj.co\/alsagrup\/wp-json\/wp\/v2\/comments?post=196"}],"version-history":[{"count":1,"href":"https:\/\/profaj.co\/alsagrup\/wp-json\/wp\/v2\/posts\/196\/revisions"}],"predecessor-version":[{"id":198,"href":"https:\/\/profaj.co\/alsagrup\/wp-json\/wp\/v2\/posts\/196\/revisions\/198"}],"wp:featuredmedia":[{"embeddable":true,"href":"https:\/\/profaj.co\/alsagrup\/wp-json\/wp\/v2\/media\/197"}],"wp:attachment":[{"href":"https:\/\/profaj.co\/alsagrup\/wp-json\/wp\/v2\/media?parent=196"}],"wp:term":[{"taxonomy":"category","embeddable":true,"href":"https:\/\/profaj.co\/alsagrup\/wp-json\/wp\/v2\/categories?post=196"},{"taxonomy":"post_tag","embeddable":true,"href":"https:\/\/profaj.co\/alsagrup\/wp-json\/wp\/v2\/tags?post=196"}],"curies":[{"name":"wp","href":"https:\/\/api.w.org\/{rel}","templated":true}]}}