{"id":199,"date":"2023-12-18T12:35:50","date_gmt":"2023-12-18T12:35:50","guid":{"rendered":"https:\/\/profaj.co\/alsagrup\/?p=199"},"modified":"2023-12-21T10:22:29","modified_gmt":"2023-12-21T10:22:29","slug":"enerji-sektorunde-inovasyon-alsa-grupun-yenilikci-yaklasimlari","status":"publish","type":"post","link":"https:\/\/profaj.co\/alsagrup\/enerji-sektorunde-inovasyon-alsa-grupun-yenilikci-yaklasimlari\/","title":{"rendered":"Enerji Sekt\u00f6r\u00fcnde \u0130novasyon: Alsa Grup&#8217;un Yenilik\u00e7i Yakla\u015f\u0131mlar\u0131"},"content":{"rendered":"<p>Alsa Grup, enerji sekt\u00f6r\u00fcndeki inovasyon \u00e7abalar\u0131yla sekt\u00f6rde \u00f6nc\u00fc bir konumda bulunmaktad\u0131r. \u015eirket, s\u00fcrd\u00fcr\u00fclebilir enerji \u00e7\u00f6z\u00fcmlerine odaklanarak \u00e7evresel etkileri en aza indirme misyonu g\u00fctmekte ve bu do\u011frultuda yenilik\u00e7i yakla\u015f\u0131mlar\u0131 benimsemektedir. \u00d6zellikle yenilenebilir enerji kaynaklar\u0131na b\u00fcy\u00fck \u00f6nem veren Alsa Grup, g\u00fcne\u015f ve r\u00fczgar enerjisi gibi temiz enerji teknolojilerini aktif olarak entegre ederek karbon sal\u0131n\u0131m\u0131n\u0131 azaltmaya y\u00f6nelik g\u00fc\u00e7l\u00fc ad\u0131mlar atmaktad\u0131r.<\/p>\n<p>\u015eirketin Ar-Ge faaliyetleri, enerji depolama teknolojileri ve enerji verimlili\u011fi alanlar\u0131nda ger\u00e7ekle\u015ftirilen projelerle dikkat \u00e7ekmektedir. Bu inovatif projeler, enerji sekt\u00f6r\u00fcnde gelece\u011fi \u015fekillendirecek ve \u00e7evresel s\u00fcrd\u00fcr\u00fclebilirli\u011fi art\u0131racak \u00e7\u00f6z\u00fcmler sunmaktad\u0131r. Alsa Grup&#8217;un benimsedi\u011fi ileri teknoloji ve m\u00fchendislik \u00e7\u00f6z\u00fcmleri, enerji \u00fcretiminde ve kullan\u0131m\u0131nda daha etkili ve \u00e7evre dostu bir yakla\u015f\u0131m\u0131 desteklemekte, ayn\u0131 zamanda sekt\u00f6rde \u00f6nc\u00fc bir vizyonun par\u00e7as\u0131 olarak kendini g\u00f6stermektedir. Bu \u015fekilde, Alsa Grup, enerji sekt\u00f6r\u00fcndeki yenilikleri te\u015fvik ederek, s\u00fcrd\u00fcr\u00fclebilir gelece\u011fe katk\u0131 sa\u011flayan bir lider konumunu s\u00fcrd\u00fcrmektedir.<\/p>\n","protected":false},"excerpt":{"rendered":"<p>\u015eirketin enerji sekt\u00f6r\u00fcndeki yenilik\u00e7i stratejileri ve teknolojik geli\u015fmeleri nas\u0131l kulland\u0131\u011f\u0131na dair bir bak\u0131\u015f.<\/p>\n","protected":false},"author":1,"featured_media":200,"comment_status":"open","ping_status":"open","sticky":false,"template":"","format":"standard","meta":{"footnotes":""},"categories":[11],"tags":[],"class_list":["post-199","post","type-post","status-publish","format-standard","has-post-thumbnail","hentry","category-blog"],"_links":{"self":[{"href":"https:\/\/profaj.co\/alsagrup\/wp-json\/wp\/v2\/posts\/199","targetHints":{"allow":["GET"]}}],"collection":[{"href":"https:\/\/profaj.co\/alsagrup\/wp-json\/wp\/v2\/posts"}],"about":[{"href":"https:\/\/profaj.co\/alsagrup\/wp-json\/wp\/v2\/types\/post"}],"author":[{"embeddable":true,"href":"https:\/\/profaj.co\/alsagrup\/wp-json\/wp\/v2\/users\/1"}],"replies":[{"embeddable":true,"href":"https:\/\/profaj.co\/alsagrup\/wp-json\/wp\/v2\/comments?post=199"}],"version-history":[{"count":3,"href":"https:\/\/profaj.co\/alsagrup\/wp-json\/wp\/v2\/posts\/199\/revisions"}],"predecessor-version":[{"id":720,"href":"https:\/\/profaj.co\/alsagrup\/wp-json\/wp\/v2\/posts\/199\/revisions\/720"}],"wp:featuredmedia":[{"embeddable":true,"href":"https:\/\/profaj.co\/alsagrup\/wp-json\/wp\/v2\/media\/200"}],"wp:attachment":[{"href":"https:\/\/profaj.co\/alsagrup\/wp-json\/wp\/v2\/media?parent=199"}],"wp:term":[{"taxonomy":"category","embeddable":true,"href":"https:\/\/profaj.co\/alsagrup\/wp-json\/wp\/v2\/categories?post=199"},{"taxonomy":"post_tag","embeddable":true,"href":"https:\/\/profaj.co\/alsagrup\/wp-json\/wp\/v2\/tags?post=199"}],"curies":[{"name":"wp","href":"https:\/\/api.w.org\/{rel}","templated":true}]}}