{"id":121,"date":"2025-08-12T11:35:26","date_gmt":"2025-08-12T11:35:26","guid":{"rendered":"https:\/\/profaj.co\/coordinat360\/?p=121"},"modified":"2025-08-12T11:35:26","modified_gmt":"2025-08-12T11:35:26","slug":"calisanlarimizin-yillik-yangin-egitimi-ve-tatbikati-gerceklestirildi","status":"publish","type":"post","link":"https:\/\/profaj.co\/coordinat360\/calisanlarimizin-yillik-yangin-egitimi-ve-tatbikati-gerceklestirildi\/","title":{"rendered":"\u00c7al\u0131\u015fanlar\u0131m\u0131z\u0131n y\u0131ll\u0131k yang\u0131n e\u011fitimi ve tatbikat\u0131 ger\u00e7ekle\u015ftirildi."},"content":{"rendered":"<p id=\"viewer-foo\">\u015eirketimiz b\u00fcnyesinde her y\u0131l yap\u0131lan \u201cYang\u0131ndan Korunma E\u011fitimi\u201d ve \u201cYang\u0131n S\u00f6nd\u00fcrme Tatbikat\u0131\u201d ger\u00e7ekle\u015ftirildi. 7126 say\u0131l\u0131 \u201cSivil Savunma Kanunu\u201dnun Ek-9. maddesi, \u201c6331 say\u0131l\u0131 \u0130\u015f Sa\u011fl\u0131\u011f\u0131 ve G\u00fcvenli\u011fi Kanunu\u201d, 2007\/12937 say\u0131l\u0131 \u201cBinalar\u0131n Yang\u0131ndan Korunmas\u0131 Hakk\u0131nda Y\u00f6netmelik\u201din 129. maddesi kapsam\u0131nda yap\u0131lan e\u011fitim ve tatbikat 5 Nisan 2022 g\u00fcn\u00fc ger\u00e7ekle\u015ftirildi.<\/p>\n<p>Yap\u0131lan e\u011fitimde personelimize yang\u0131n ve yang\u0131n kapsam\u0131nda al\u0131nacak \u00f6nlemler, yang\u0131na m\u00fcdahale gibi konular\u0131 i\u00e7eren bilgiler verilirken uygulamal\u0131 yang\u0131n s\u00f6nd\u00fcrme \u00e7al\u0131\u015fmas\u0131 yap\u0131ld\u0131.<\/p>\n","protected":false},"excerpt":{"rendered":"<p>\u015eirketimiz b\u00fcnyesinde her y\u0131l yap\u0131lan \u201cYang\u0131ndan Korunma E\u011fitimi\u201d ve \u201cYang\u0131n S\u00f6nd\u00fcrme Tatbikat\u0131\u201d ger\u00e7ekle\u015ftirildi. 7126 say\u0131l\u0131 \u201cSivil Savunma Kanunu\u201dnun Ek-9. maddesi, \u201c6331 say\u0131l\u0131 \u0130\u015f Sa\u011fl\u0131\u011f\u0131 ve G\u00fcvenli\u011fi Kanunu\u201d, 2007\/12937 say\u0131l\u0131 \u201cBinalar\u0131n Yang\u0131ndan Korunmas\u0131 Hakk\u0131nda Y\u00f6netmelik\u201din 129. maddesi kapsam\u0131nda yap\u0131lan e\u011fitim ve tatbikat 5 Nisan 2022 g\u00fcn\u00fc ger\u00e7ekle\u015ftirildi. Yap\u0131lan e\u011fitimde personelimize yang\u0131n ve yang\u0131n kapsam\u0131nda al\u0131nacak \u00f6nlemler, [&hellip;]<\/p>\n","protected":false},"author":1,"featured_media":122,"comment_status":"open","ping_status":"open","sticky":false,"template":"","format":"standard","meta":{"_acf_changed":false,"footnotes":""},"categories":[1],"tags":[],"class_list":["post-121","post","type-post","status-publish","format-standard","has-post-thumbnail","hentry","category-uncategorized"],"acf":[],"_links":{"self":[{"href":"https:\/\/profaj.co\/coordinat360\/wp-json\/wp\/v2\/posts\/121","targetHints":{"allow":["GET"]}}],"collection":[{"href":"https:\/\/profaj.co\/coordinat360\/wp-json\/wp\/v2\/posts"}],"about":[{"href":"https:\/\/profaj.co\/coordinat360\/wp-json\/wp\/v2\/types\/post"}],"author":[{"embeddable":true,"href":"https:\/\/profaj.co\/coordinat360\/wp-json\/wp\/v2\/users\/1"}],"replies":[{"embeddable":true,"href":"https:\/\/profaj.co\/coordinat360\/wp-json\/wp\/v2\/comments?post=121"}],"version-history":[{"count":1,"href":"https:\/\/profaj.co\/coordinat360\/wp-json\/wp\/v2\/posts\/121\/revisions"}],"predecessor-version":[{"id":123,"href":"https:\/\/profaj.co\/coordinat360\/wp-json\/wp\/v2\/posts\/121\/revisions\/123"}],"wp:featuredmedia":[{"embeddable":true,"href":"https:\/\/profaj.co\/coordinat360\/wp-json\/wp\/v2\/media\/122"}],"wp:attachment":[{"href":"https:\/\/profaj.co\/coordinat360\/wp-json\/wp\/v2\/media?parent=121"}],"wp:term":[{"taxonomy":"category","embeddable":true,"href":"https:\/\/profaj.co\/coordinat360\/wp-json\/wp\/v2\/categories?post=121"},{"taxonomy":"post_tag","embeddable":true,"href":"https:\/\/profaj.co\/coordinat360\/wp-json\/wp\/v2\/tags?post=121"}],"curies":[{"name":"wp","href":"https:\/\/api.w.org\/{rel}","templated":true}]}}