{"id":405,"date":"2024-02-01T13:25:07","date_gmt":"2024-02-01T13:25:07","guid":{"rendered":"https:\/\/profaj.co\/countryvillage\/?p=405"},"modified":"2024-02-01T13:25:07","modified_gmt":"2024-02-01T13:25:07","slug":"dermatoloji-ve-estetikte-son-trendler","status":"publish","type":"post","link":"https:\/\/profaj.co\/countryvillage\/dermatoloji-ve-estetikte-son-trendler\/","title":{"rendered":"Dermatoloji ve Estetikte Son Trendler"},"content":{"rendered":"\r\n<p class=\"wp-block-paragraph\">Ba\u015f d\u00f6nd\u00fcr\u00fcc\u00fc h\u0131zla ilerleyen teknoloji ve bilim d\u00fcnyas\u0131, dermatoloji ve estetik alanlar\u0131nda da etkileyici geli\u015fmelere yol a\u00e7\u0131yor. Bu alanlardaki son trendleri takip etmek, g\u00fczellik ve cilt bak\u0131m rutininizi g\u00fcncel tutman\u0131z\u0131 sa\u011flar. \u0130\u015fte, 2024 y\u0131l\u0131nda dermatoloji ve estetik d\u00fcnyas\u0131nda parlayan baz\u0131 trendlere g\u00f6z atal\u0131m:<br \/><b>1. Cilt Bak\u0131m\u0131nda Ki\u015fiselle\u015ftirme<\/b><br \/>Her cilt farkl\u0131d\u0131r ve bu nedenle ki\u015fiselle\u015ftirilmi\u015f cilt bak\u0131m\u0131 \u00f6n plandad\u0131r. Geli\u015fmi\u015f teknolojiler sayesinde, dermatologlar ve estetik uzmanlar\u0131, hastalar\u0131n genetik yap\u0131lar\u0131na, ya\u015flar\u0131na ve cilt tiplerine \u00f6zel bak\u0131m planlar\u0131 olu\u015fturabiliyorlar. Ki\u015fiselle\u015ftirilmi\u015f tedaviler, daha etkili sonu\u00e7lar elde etmeyi ve bireylere \u00f6zel \u00e7\u00f6z\u00fcmler sunmay\u0131 ama\u00e7l\u0131yor.<br \/><b>2. D\u00f6ng\u00fcsel Anti-Aging Tedavileri<\/b><br \/>Tek seferlik anti-aging tedavileri yerine, d\u00f6ng\u00fcsel tedavilere y\u00f6nelik bir e\u011filim var. Bu yakla\u015f\u0131m, d\u00fczenli aral\u0131klarla uygulanan hafif estetik giri\u015fimlerle cildin gen\u00e7 ve taze kalmas\u0131n\u0131 hedefler. \u00d6rne\u011fin, belirli bir periyotta cilt yenileme i\u015flemleri uygulamak, daha do\u011fal ve uzun vadeli sonu\u00e7lar elde etmeye yard\u0131mc\u0131 olabilir.<br \/><b>3. Nano Teknoloji ve Cilt Bak\u0131m\u0131<\/b><br \/>Nano teknoloji, mikroskobik boyuttaki partik\u00fcllerin kullan\u0131m\u0131n\u0131 i\u00e7erir ve bu teknoloji cilt bak\u0131m\u0131nda giderek daha fazla benimseniyor. Nano boyutundaki molek\u00fcller, cildin daha derin tabakalar\u0131na n\u00fcfuz edebilir ve bu sayede daha etkili sonu\u00e7lar sa\u011flayabilir. Nano teknoloji, \u00f6zellikle anti-aging \u00fcr\u00fcnlerde ve prosed\u00fcrlerde kullan\u0131larak cildin gen\u00e7le\u015ftirilmesine katk\u0131da bulunuyor.<br \/><b>4. Zihinsel Sa\u011fl\u0131k ve G\u00fczellik \u0130li\u015fkisi<\/b><br \/>Son y\u0131llarda, g\u00fczellik ve zihinsel sa\u011fl\u0131k aras\u0131ndaki ba\u011flant\u0131 daha fazla vurgulanmaktad\u0131r. Stres, uyku d\u00fczensizlikleri ve duygusal durumlar, cilt sa\u011fl\u0131\u011f\u0131n\u0131 etkileyebilir. Bu nedenle, estetik uygulamalar\u0131n yan\u0131 s\u0131ra stres y\u00f6netimi, uyku d\u00fczeni ve mental sa\u011fl\u0131\u011f\u0131 destekleyici yakla\u015f\u0131mlar da \u00f6nem kazanmaktad\u0131r.<br \/><b>5. Dijital Kons\u00fcltasyonlar ve Takip<\/b><br \/>Teknolojinin ilerlemesi ile birlikte, dermatologlar ve estetik uzmanlar\u0131 dijital kons\u00fcltasyonlar\u0131 benimsemekte ve hastalar\u0131yla \u00e7evrim i\u00e7i olarak ileti\u015fim kurmaktad\u0131rlar. Ayr\u0131ca, cilt bak\u0131m\u0131n\u0131 takip etmek ve sonu\u00e7lar\u0131 de\u011ferlendirmek i\u00e7in dijital ara\u00e7lar kullan\u0131larak hastalar\u0131n cilt durumu daha yak\u0131ndan takip edilebilmektedir.<br \/>Dermatoloji ve estetik d\u00fcnyas\u0131ndaki bu son trendler, daha etkili, ki\u015fiselle\u015ftirilmi\u015f ve uzun vadeli sonu\u00e7lar elde etmeyi hedefliyor. Ancak, herkesin cilt tipi farkl\u0131d\u0131r, bu nedenle herhangi bir estetik giri\u015fimden \u00f6nce uzman bir profesyonelle g\u00f6r\u00fc\u015fmek \u00f6nemlidir. G\u00fczelli\u011fin ve cildin sa\u011fl\u0131\u011f\u0131n\u0131n \u00f6n planda oldu\u011fu bu yenilik\u00e7i d\u00f6nemde, kendinize en uygun olan\u0131 se\u00e7mek i\u00e7in g\u00fcvenilir bir uzmana dan\u0131\u015fman\u0131z\u0131 \u00f6neririz.<\/p>\r\n","protected":false},"excerpt":{"rendered":"<p>Ba\u015f d\u00f6nd\u00fcr\u00fcc\u00fc h\u0131zla ilerleyen teknoloji ve bilim d\u00fcnyas\u0131, dermatoloji ve estetik alanlar\u0131nda da etkileyici geli\u015fmelere yol a\u00e7\u0131yor. Bu alanlardaki son trendleri takip etmek, g\u00fczellik ve cilt bak\u0131m rutininizi g\u00fcncel tutman\u0131z\u0131 sa\u011flar. \u0130\u015fte, 2024 y\u0131l\u0131nda dermatoloji ve estetik d\u00fcnyas\u0131nda parlayan baz\u0131 trendlere g\u00f6z atal\u0131m:1. Cilt Bak\u0131m\u0131nda Ki\u015fiselle\u015ftirmeHer cilt farkl\u0131d\u0131r ve bu nedenle ki\u015fiselle\u015ftirilmi\u015f cilt bak\u0131m\u0131 \u00f6n [&hellip;]<\/p>\n","protected":false},"author":1,"featured_media":406,"comment_status":"open","ping_status":"open","sticky":false,"template":"","format":"standard","meta":{"footnotes":""},"categories":[1],"tags":[],"class_list":["post-405","post","type-post","status-publish","format-standard","has-post-thumbnail","hentry","category-uncategorized"],"acf":[],"_links":{"self":[{"href":"https:\/\/profaj.co\/countryvillage\/wp-json\/wp\/v2\/posts\/405","targetHints":{"allow":["GET"]}}],"collection":[{"href":"https:\/\/profaj.co\/countryvillage\/wp-json\/wp\/v2\/posts"}],"about":[{"href":"https:\/\/profaj.co\/countryvillage\/wp-json\/wp\/v2\/types\/post"}],"author":[{"embeddable":true,"href":"https:\/\/profaj.co\/countryvillage\/wp-json\/wp\/v2\/users\/1"}],"replies":[{"embeddable":true,"href":"https:\/\/profaj.co\/countryvillage\/wp-json\/wp\/v2\/comments?post=405"}],"version-history":[{"count":1,"href":"https:\/\/profaj.co\/countryvillage\/wp-json\/wp\/v2\/posts\/405\/revisions"}],"predecessor-version":[{"id":407,"href":"https:\/\/profaj.co\/countryvillage\/wp-json\/wp\/v2\/posts\/405\/revisions\/407"}],"wp:featuredmedia":[{"embeddable":true,"href":"https:\/\/profaj.co\/countryvillage\/wp-json\/wp\/v2\/media\/406"}],"wp:attachment":[{"href":"https:\/\/profaj.co\/countryvillage\/wp-json\/wp\/v2\/media?parent=405"}],"wp:term":[{"taxonomy":"category","embeddable":true,"href":"https:\/\/profaj.co\/countryvillage\/wp-json\/wp\/v2\/categories?post=405"},{"taxonomy":"post_tag","embeddable":true,"href":"https:\/\/profaj.co\/countryvillage\/wp-json\/wp\/v2\/tags?post=405"}],"curies":[{"name":"wp","href":"https:\/\/api.w.org\/{rel}","templated":true}]}}