{"id":69560,"date":"2025-10-13T19:09:05","date_gmt":"2025-10-13T19:09:05","guid":{"rendered":"https:\/\/profaj.co\/denememanay\/press\/manay-cpa-participated-in-amcham-turkiye-summer-gathering-in-cesme\/"},"modified":"2025-10-13T19:09:05","modified_gmt":"2025-10-13T19:09:05","slug":"manay-cpa-participated-in-amcham-turkiye-summer-gathering-in-cesme","status":"publish","type":"press","link":"https:\/\/profaj.co\/denememanay\/press\/manay-cpa-participated-in-amcham-turkiye-summer-gathering-in-cesme\/","title":{"rendered":"Manay CPA Participated in AmCham T\u00fcrkiye Summer Gathering in \u00c7e\u015fme"},"content":{"rendered":"<p><b><span data-contrast=\"auto\">Izmir \u2013<\/span><\/b><span data-contrast=\"auto\"> Manay CPA, a firm specialized in accounting, company formation, and business growth in the United States, took part in this year\u2019s <\/span><b><span data-contrast=\"auto\">AmCham T\u00fcrkiye Summer Gathering<\/span><\/b><span data-contrast=\"auto\"> held in \u00c7e\u015fme. Bringing together representatives of the Turkish and American business communities, this exclusive event provided an important platform for exchanging ideas on the global economy, the future of transatlantic relations, and insights from leaders across different sectors.<\/span><span data-ccp-props=\"{}\">\u00a0<\/span><\/p>\n<p><span data-contrast=\"auto\">Followed with great interest every year, the Summer Gathering not only attracts prominent business leaders but also brings together entrepreneurs, consultants, and investors, contributing to the strengthening of economic ties between the two countries. This year\u2019s program focused on current economic developments, the concept of the \u201cnew business cycle,\u201d the rapid pace of digitalization, and the pursuit of sustainable growth.<\/span><span data-ccp-props=\"{}\">\u00a0<\/span><\/p>\n<p><span data-contrast=\"auto\">During the Summer Gathering, distinguished figures of the business world addressed the participants. <\/span><b><span data-contrast=\"auto\">AmCham T\u00fcrkiye Chair Emre Karter<\/span><\/b><span data-contrast=\"auto\"> highlighted the strategic importance of Turkey\u2013U.S. business relations in his opening remarks. <\/span><b><span data-contrast=\"auto\">U.S. Commercial Counselor Frank Joseph<\/span><\/b><span data-contrast=\"auto\"> underlined the United States\u2019 confidence in Turkey\u2019s investment climate and drew attention to emerging opportunities in trade and investment. <\/span><b><span data-contrast=\"auto\">Professor Ahmet Kas\u0131m Han<\/span><\/b><span data-contrast=\"auto\"> shared an in-depth assessment of global economic and geopolitical developments and their impact on business.<\/span><span data-ccp-props=\"{}\">\u00a0<\/span><\/p>\n<p><span data-contrast=\"auto\">At this valuable gathering, <\/span><b><span data-contrast=\"auto\">Manay CPA<\/span><\/b><span data-contrast=\"auto\"> had the opportunity to share its international expertise and vision. The company was represented by <\/span><b><span data-contrast=\"auto\">Serta\u00e7 Tuzcuo\u011flu<\/span><\/b><span data-contrast=\"auto\"> and <\/span><b><span data-contrast=\"auto\">K\u00fcbra \u00c7etinta\u015f<\/span><\/b><span data-contrast=\"auto\">. Manay CPA is widely recognized for providing consultancy services to entrepreneurs who seek to establish companies, manage accounting processes, and expand their businesses in the United States. In \u00c7e\u015fme, the firm shared solution-oriented insights on the challenges Turkish businesspeople face when entering the U.S. market.<\/span><span data-ccp-props=\"{}\">\u00a0<\/span><\/p>\n<p><span data-contrast=\"auto\">Throughout the event, Manay CPA representatives engaged with numerous industry leaders, laying the groundwork for new business connections. Participants emphasized the critical importance of the firm\u2019s services for Turkish entrepreneurs aiming to establish a presence in the United States. One attendee remarked: <\/span><i><span data-contrast=\"auto\">\u201cCompanies seeking to enter the American market need a reliable roadmap. At this point, Manay CPA is not only a consultant but also a strategic partner in the journey.\u201d<\/span><\/i><span data-ccp-props=\"{}\">\u00a0<\/span><\/p>\n<p><span data-contrast=\"auto\">Following the event, <\/span><b><span data-contrast=\"auto\">Serta\u00e7 Tuzcuo\u011flu<\/span><\/b><span data-contrast=\"auto\"> commented: <\/span><i><span data-contrast=\"auto\">\u201cSuch platforms are not only important for keeping up with business trends but also for building long-term partnerships. The vision of AmCham T\u00fcrkiye aligns closely with our global growth objectives.\u201d<\/span><\/i> <b><span data-contrast=\"auto\">K\u00fcbra \u00c7etinta\u015f<\/span><\/b><span data-contrast=\"auto\"> added: <\/span><i><span data-contrast=\"auto\">\u201cExchanging ideas with participants, listening to different perspectives, and understanding the expectations of companies that want to do business in the U.S. was extremely valuable for us.\u201d<\/span><\/i><span data-ccp-props=\"{}\">\u00a0<\/span><\/p>\n<p><span data-contrast=\"auto\">The Summer Gathering also provided an informal and friendly atmosphere that enabled strong connections among participants. Business representatives laid the foundations for future collaborations during networking sessions and generated ideas for joint projects.<\/span><span data-ccp-props=\"{}\">\u00a0<\/span><\/p>\n<p><span data-contrast=\"auto\">With the outcomes of this significant event, <\/span><b><span data-contrast=\"auto\">Manay CPA<\/span><\/b><span data-contrast=\"auto\"> once again demonstrated its commitment to facilitating U.S. business operations for Turkish companies and supporting their international success. The firm emphasized that by taking part in global-scale events, it not only promotes its existing services but also follows new trends to deliver more innovative solutions to its clients.<\/span><span data-ccp-props=\"{}\">\u00a0<\/span><\/p>\n<p><span data-contrast=\"auto\">In conclusion, the AmCham T\u00fcrkiye Summer Gathering held in \u00c7e\u015fme stood out as a milestone shaping the future of Turkey\u2013U.S. business relations. Manay CPA\u2019s participation reinforced the company\u2019s active role in the international business arena, while the connections built among participants signaled a further strengthening of economic ties between the two countries.<\/span><span data-ccp-props=\"{}\">\u00a0<\/span><\/p>\n<p><span data-contrast=\"auto\">Reaffirming its commitment to fostering strong connections that drive growth and create cross-border impact, Manay CPA extended its gratitude to AmCham T\u00fcrkiye and all participants for an inspiring evening.<\/span><span data-ccp-props=\"{}\">\u00a0<\/span><\/p>\n","protected":false},"excerpt":{"rendered":"<p>Izmir \u2013 Manay CPA, a firm specialized in accounting, company formation, and business growth in the United States, took part in this year\u2019s AmCham T\u00fcrkiye Summer Gathering held in \u00c7e\u015fme. Bringing together representatives of the Turkish and American business communities, this exclusive event provided an important platform for exchanging ideas on the global economy, the [&hellip;]<\/p>\n","protected":false},"featured_media":69561,"parent":0,"template":"","meta":{"_acf_changed":false,"content-type":""},"press-kategori":[],"class_list":["post-69560","press","type-press","status-publish","has-post-thumbnail","hentry"],"acf":[],"_links":{"self":[{"href":"https:\/\/profaj.co\/denememanay\/wp-json\/wp\/v2\/press\/69560","targetHints":{"allow":["GET"]}}],"collection":[{"href":"https:\/\/profaj.co\/denememanay\/wp-json\/wp\/v2\/press"}],"about":[{"href":"https:\/\/profaj.co\/denememanay\/wp-json\/wp\/v2\/types\/press"}],"wp:featuredmedia":[{"embeddable":true,"href":"https:\/\/profaj.co\/denememanay\/wp-json\/wp\/v2\/media\/69561"}],"wp:attachment":[{"href":"https:\/\/profaj.co\/denememanay\/wp-json\/wp\/v2\/media?parent=69560"}],"wp:term":[{"taxonomy":"press-kategori","embeddable":true,"href":"https:\/\/profaj.co\/denememanay\/wp-json\/wp\/v2\/press-kategori?post=69560"}],"curies":[{"name":"wp","href":"https:\/\/api.w.org\/{rel}","templated":true}]}}