{"id":1029,"date":"2024-10-14T12:42:49","date_gmt":"2024-10-14T12:42:49","guid":{"rendered":"https:\/\/profaj.co\/denemesakiz\/?p=1029"},"modified":"2024-10-14T12:42:49","modified_gmt":"2024-10-14T12:42:49","slug":"kaymakamimiz-sayin-mehmet-marasli-sakiz-agacim-cesme-agaclandirma-projesi-tanitim-programina-katildi-2","status":"publish","type":"post","link":"https:\/\/profaj.co\/denemesakiz\/kaymakamimiz-sayin-mehmet-marasli-sakiz-agacim-cesme-agaclandirma-projesi-tanitim-programina-katildi-2\/","title":{"rendered":"Kaymakam\u0131m\u0131z Say\u0131n Mehmet MARA\u015eLI, &#8221;Sak\u0131z A\u011fac\u0131m \u00c7e\u015fme&#8221; A\u011fa\u00e7land\u0131rma Projesi tan\u0131t\u0131m program\u0131na kat\u0131ld\u0131."},"content":{"rendered":"<p><strong>(\u0130ZM\u0130R)<\/strong>\u00a0&#8211; \u00c7e\u015fme Belediyesi ve S.S. \u00c7e\u015fmek\u00f6y Tar\u0131msal Kalk\u0131nma Kooperatifi i\u015f birli\u011fi ile y\u00fcr\u00fct\u00fclen \u201cSak\u0131z A\u011fac\u0131m \u00c7e\u015fme\u201d \u00c7e\u015fme Sak\u0131z A\u011fac\u0131 A\u011fa\u00e7land\u0131rma Projesi Tan\u0131t\u0131m Toplant\u0131s\u0131\u2019nda \u00c7e\u015fme Yard\u0131madas\u0131\u2019n\u0131n kadim de\u011feri olan sak\u0131z a\u011fac\u0131n\u0131 art\u0131rman\u0131n \u00f6nemine dikkat \u00e7ekilerek, 5 y\u0131l i\u00e7inde 100 bin sak\u0131z a\u011fac\u0131n\u0131n toprakla bulu\u015fturulaca\u011f\u0131 ifade edildi.<\/p>\n<p>\u00c7e\u015fme Belediyesi taraf\u0131ndan bu y\u0131l 6\u2019nc\u0131s\u0131 d\u00fczenlenen \u201c\u00c7e\u015fme\u2019den Sak\u0131z Daml\u0131yor\u201d damla sak\u0131z\u0131 hasat etkinli\u011fi, Ala\u00e7at\u0131 Sak\u0131zlar&#8217;daki Sak\u0131z A\u011fac\u0131 Bah\u00e7esi\u2019nde yap\u0131ld\u0131.\u00a0200 y\u0131ll\u0131k damla sak\u0131z\u0131 a\u011fa\u00e7lar\u0131ndan elde edilen sak\u0131z\u0131n \u00fcretimini art\u0131rmak ve ekonomiye kazand\u0131rmak amac\u0131yla d\u00fczenlenen hasat etkinli\u011fine, \u00c7e\u015fme Belediye Ba\u015fkanvekili Banu Ayhan, \u00c7e\u015fme Ziraat Odas\u0131 Ba\u015fkan\u0131 S\u00fcleyman \u00d6zer, S.S. \u00c7e\u015fmek\u00f6y Tar\u0131msal Kalk\u0131nma Kooperatifi Ba\u015fkan\u0131 Kaz\u0131m Beyaz, Sak\u0131z \u00dcreticisi Hasan T\u00fct\u00fcnc\u00fco\u011flu, Sak\u0131z \u00dcreticisi \u0130brahim Topal, siyasi parti temsilcileri ile \u00e7ok say\u0131da vatanda\u015f kat\u0131ld\u0131.\u00a0Kat\u0131l\u0131mc\u0131lar\u0131n konu\u015fmalar\u0131n\u0131n ard\u0131ndan sak\u0131z a\u011fa\u00e7lar\u0131n\u0131n bulundu\u011fu alan gezilerek, sak\u0131z a\u011fac\u0131n\u0131n dikiminden damla sak\u0131z\u0131n\u0131n \u00fcretimine kadar pek \u00e7ok konuda vatanda\u015flar bilgilendirildi.<\/p>\n<p>\u201cSak\u0131z A\u011fac\u0131m \u00c7e\u015fme\u201d \u00c7e\u015fme Sak\u0131z A\u011fac\u0131 A\u011fa\u00e7land\u0131rma Projesi Tan\u0131t\u0131m Toplant\u0131s\u0131 ise Ala\u00e7at\u0131 Sak\u0131zlar mevkiindeki Sak\u0131z A\u011fac\u0131 Bah\u00e7esi\u2019nde ger\u00e7ekle\u015ftirildi. \u00c7e\u015fme Belediyesi ve S.S. \u00c7e\u015fmek\u00f6y Tar\u0131msal Kalk\u0131nma Kooperatifi i\u015f birli\u011fi ile y\u00fcr\u00fct\u00fclen projenin tan\u0131t\u0131m toplant\u0131s\u0131na, \u00c7e\u015fme Kaymakam\u0131 Mehmet Mara\u015fl\u0131, \u00c7e\u015fme Belediye Ba\u015fkanvekili Banu Ayhan, \u0130l\u00e7e Tar\u0131m ve Orman M\u00fcd\u00fcr\u00fc Ahmet Ke\u00e7eci, S.S. \u00c7e\u015fmek\u00f6y Tar\u0131msal Kalk\u0131nma Kooperatifi Ba\u015fkan\u0131 Kaz\u0131m Beyaz, Sak\u0131z A\u011fac\u0131m \u00c7e\u015fme Proje Koordinat\u00f6r\u00fc Hasan Ege T\u00fct\u00fcnc\u00fco\u011flu, siyasi parti ve turizm temsilcileri de kat\u0131ld\u0131.<\/p>\n<p>\u00c7e\u015fme Belediye Ba\u015fkanvekili Banu Ayhan, toplant\u0131da yapt\u0131\u011f\u0131 konu\u015fmada \u00c7e\u015fme\u2019nin geleneksel ve kadim bir de\u011feri, kaybolmaya y\u00fcz tutmu\u015f damla sak\u0131z\u0131 a\u011fa\u00e7lar\u0131n\u0131 anavatan\u0131 \u00c7e\u015fme\u2019ye geri kazand\u0131rmay\u0131 hedeflediklerini belirterek, \u015funlar\u0131 kaydetti:<\/p>\n<p>\u201c\u00c7e\u015fme, sadece g\u00fczel plajlar\u0131, r\u00fczgar\u0131 ve e\u015fsiz do\u011fas\u0131yla de\u011fil; ayn\u0131 zamanda tar\u0131msal zenginli\u011fi ile de an\u0131lmas\u0131 gereken bir yer. Sak\u0131z A\u011fac\u0131n\u0131n d\u00fcnyada sadece Yunanistan\u2019\u0131n Sak\u0131z Adas\u0131 ve \u00c7e\u015fme Yar\u0131madas\u0131nda yeti\u015fiyor olmas\u0131 ve co\u011frafi i\u015faretli \u00c7e\u015fme Damla Sak\u0131z\u0131\u2019n\u0131n sadece \u00c7e\u015fme Yar\u0131madas\u0131nda bu a\u011fa\u00e7lardan \u00fcretilebiliyor olmas\u0131 olduk\u00e7a k\u0131ymetli. Bizler, \u00c7e\u015fme\u2019nin kadim k\u00fclt\u00fcr\u00fc, y\u00fczlerce y\u0131ll\u0131k ge\u00e7mi\u015fe sahip olan ve neredeyse kaybolmaya y\u00fcz tutmu\u015f sak\u0131z a\u011fac\u0131m\u0131z\u0131 anavatan\u0131na geri kazand\u0131rmay\u0131 hedefliyoruz.\u201d<\/p>\n<p><strong>Kad\u0131n istihdam\u0131na destek\u00a0<\/strong><\/p>\n<p>Ayhan, projeyi hayata ge\u00e7irirken de yerel istihdam\u0131 destekleyen kad\u0131nlar\u0131n, ya\u015f alm\u0131\u015f bireylerin ve engelli vatanda\u015flar\u0131n da aktif olarak yer alaca\u011f\u0131 bir \u00fcretim s\u00fcreci kurduklar\u0131n\u0131 ve belediye taraf\u0131ndan verilecek olan e\u011fitimleri tamamlayan her bir aileye ek bir i\u015f imkan\u0131 sunarak, b\u00f6lge ekonomisinin s\u00fcrd\u00fcr\u00fclebilirli\u011fini de sa\u011fl\u0131yor olacaklar\u0131n\u0131 dile getirdi.<\/p>\n<p><strong>\u201cHem yerel hem ulusal ekonomiye katk\u0131da bulunacak\u201d\u00a0<\/strong><\/p>\n<p>Sak\u0131z a\u011fac\u0131n\u0131n sadece \u00c7e\u015fme\u2019ye de\u011fil; T\u00fcrkiye\u2019de de b\u00fcy\u00fck bir de\u011fer kataca\u011f\u0131na dikkati \u00e7eken Ayhan, \u201c\u0130la\u00e7tan kozmeti\u011fe, ekonomiden \u00e7evreye verdi\u011fi katk\u0131ya kadar her alanda \u00f6nemli bir rol oynayan bu kadim de\u011fer, y\u00fcksek katma de\u011ferli farmakolojik ve kozmetik \u00fcr\u00fcnler \u00fcretilmesi ile de b\u00f6lgemiz i\u00e7in yeni bir ekonomik kap\u0131 a\u00e7acak. \u00dclkemizin ithal etti\u011fi damla sak\u0131z\u0131n\u0131 kendi topraklar\u0131m\u0131zda \u00fcreterek, b\u00f6ylece hem yerel hem de ulusal ekonomiye katk\u0131da bulunaca\u011f\u0131z. 2025 y\u0131l\u0131na kadar 20 bin sak\u0131z a\u011fac\u0131n\u0131 toprakla bulu\u015fturaca\u011f\u0131z ve 5 y\u0131l i\u00e7inde bu rakam\u0131 100 bine \u00e7\u0131karaca\u011f\u0131z. Sadece 20 bin sak\u0131z a\u011fac\u0131 dikildi\u011finde 5 y\u0131l\u0131n sonunda y\u0131lda yakla\u015f\u0131k 2 ton damla sak\u0131z\u0131 elde ediyor olaca\u011f\u0131z\u201d diye konu\u015ftu.<\/p>\n<p><strong>\u201cKarbon ayak izlerinin silinmesine katk\u0131 sa\u011fl\u0131yor\u201d<\/strong><\/p>\n<p>Sak\u0131z a\u011fac\u0131n\u0131n y\u00fcksek karbon tutumu ve oksijen \u00fcretimiyle s\u0131f\u0131r karbon hedeflerine uygun oldu\u011funu s\u00f6yleyen Ayhan, \u201cHerdem ye\u015fil olan sak\u0131z a\u011fa\u00e7lar\u0131n\u0131n dikilmesi ile d\u00fcnyam\u0131za verdi\u011fimiz zarar\u0131n telafi edilmesi yolunda karbon ayak izlerinin silinmesine katk\u0131 sa\u011fl\u0131yor olaca\u011f\u0131z. Sak\u0131z a\u011fa\u00e7lar\u0131n\u0131n yang\u0131na kar\u015f\u0131 diren\u00e7li ve erozyona kar\u015f\u0131 \u00e7ok etkili olmas\u0131; az su istemesi ve ila\u00e7lama gerektirmemesi ile \u00e7evreci ve iyi tar\u0131ma \u00f6rnek bir t\u00fcr olmas\u0131 da olduk\u00e7a \u00f6nemli\u201d ifadelerini kulland\u0131.<\/p>\n<p>Yerli ve yabanc\u0131 turistler i\u00e7in tan\u0131nm\u0131\u015f bir destinasyon olan \u00c7e\u015fme her sene milyonlarca ki\u015fiyi a\u011f\u0131rlarken iyi bir agro turizm projesinin par\u00e7as\u0131 olarak da fark\u0131ndal\u0131k yarataca\u011f\u0131na vurgu yapan Ayhan, \u015f\u00f6yle tamamlad\u0131:<\/p>\n<p>\u201cBu proje sadece bir tar\u0131m projesi de\u011fil; do\u011faya sayg\u0131m\u0131z\u0131n, ge\u00e7mi\u015fimize sahip \u00e7\u0131kmam\u0131z\u0131n ve gelece\u011fe dair umutlar\u0131m\u0131z\u0131n bir yans\u0131mas\u0131. Sak\u0131z a\u011fa\u00e7lar\u0131m\u0131z\u0131n b\u00fcy\u00fcmesini hep birlikte izlemek ve \u00c7e\u015fme\u2019nin tar\u0131msal miras\u0131n\u0131 yeniden canland\u0131rmak i\u00e7in sab\u0131rs\u0131zlan\u0131yoruz. Bug\u00fcn burada dikilecek her bir fidan, \u00c7e\u015fme\u2019mizin gelece\u011fine at\u0131lm\u0131\u015f bir imzad\u0131r.\u201d<\/p>\n<p>Konu\u015fman\u0131n ard\u0131ndan Sak\u0131z A\u011fac\u0131m \u00c7e\u015fme Proje Koordinat\u00f6r\u00fc Hasan Ege T\u00fct\u00fcnc\u00fco\u011flu ise \u201cSak\u0131z A\u011fac\u0131m \u00c7e\u015fme\u201d \u00c7e\u015fme Sak\u0131z A\u011fac\u0131 A\u011fa\u00e7land\u0131rma Projesi&#8217;nin sunumunu yapt\u0131.<\/p>\n<p>Kaynak: <a href=\"https:\/\/ankahaber.net\/haber\/detay\/cesme_sakiz_agaci_agaclandirma_projesi_tanitim_toplantisi_yapildi%E2%80%A6_hedef_5_yilda_100_bin_sakiz_agaci_199189\">https:\/\/ankahaber.net\/haber\/detay\/cesme_sakiz_agaci_agaclandirma_projesi_tanitim_toplantisi_yapildi%E2%80%A6_hedef_5_yilda_100_bin_sakiz_agaci_199189<\/a><\/p>\n","protected":false},"excerpt":{"rendered":"<p>(\u0130ZM\u0130R)\u00a0&#8211; \u00c7e\u015fme Belediyesi ve S.S. \u00c7e\u015fmek\u00f6y Tar\u0131msal Kalk\u0131nma Kooperatifi i\u015f birli\u011fi ile y\u00fcr\u00fct\u00fclen \u201cSak\u0131z A\u011fac\u0131m \u00c7e\u015fme\u201d \u00c7e\u015fme Sak\u0131z A\u011fac\u0131 A\u011fa\u00e7land\u0131rma Projesi Tan\u0131t\u0131m Toplant\u0131s\u0131\u2019nda \u00c7e\u015fme Yard\u0131madas\u0131\u2019n\u0131n kadim de\u011feri olan sak\u0131z a\u011fac\u0131n\u0131 art\u0131rman\u0131n \u00f6nemine dikkat \u00e7ekilerek, 5 y\u0131l i\u00e7inde 100 bin sak\u0131z a\u011fac\u0131n\u0131n toprakla bulu\u015fturulaca\u011f\u0131 ifade edildi. \u00c7e\u015fme Belediyesi taraf\u0131ndan bu y\u0131l 6\u2019nc\u0131s\u0131 d\u00fczenlenen \u201c\u00c7e\u015fme\u2019den Sak\u0131z Daml\u0131yor\u201d [&hellip;]<\/p>\n","protected":false},"author":1,"featured_media":1030,"comment_status":"open","ping_status":"open","sticky":false,"template":"","format":"standard","meta":{"footnotes":""},"categories":[47],"tags":[],"class_list":["post-1029","post","type-post","status-publish","format-standard","has-post-thumbnail","hentry","category-basinda-biz"],"_links":{"self":[{"href":"https:\/\/profaj.co\/denemesakiz\/wp-json\/wp\/v2\/posts\/1029","targetHints":{"allow":["GET"]}}],"collection":[{"href":"https:\/\/profaj.co\/denemesakiz\/wp-json\/wp\/v2\/posts"}],"about":[{"href":"https:\/\/profaj.co\/denemesakiz\/wp-json\/wp\/v2\/types\/post"}],"author":[{"embeddable":true,"href":"https:\/\/profaj.co\/denemesakiz\/wp-json\/wp\/v2\/users\/1"}],"replies":[{"embeddable":true,"href":"https:\/\/profaj.co\/denemesakiz\/wp-json\/wp\/v2\/comments?post=1029"}],"version-history":[{"count":1,"href":"https:\/\/profaj.co\/denemesakiz\/wp-json\/wp\/v2\/posts\/1029\/revisions"}],"predecessor-version":[{"id":1031,"href":"https:\/\/profaj.co\/denemesakiz\/wp-json\/wp\/v2\/posts\/1029\/revisions\/1031"}],"wp:featuredmedia":[{"embeddable":true,"href":"https:\/\/profaj.co\/denemesakiz\/wp-json\/wp\/v2\/media\/1030"}],"wp:attachment":[{"href":"https:\/\/profaj.co\/denemesakiz\/wp-json\/wp\/v2\/media?parent=1029"}],"wp:term":[{"taxonomy":"category","embeddable":true,"href":"https:\/\/profaj.co\/denemesakiz\/wp-json\/wp\/v2\/categories?post=1029"},{"taxonomy":"post_tag","embeddable":true,"href":"https:\/\/profaj.co\/denemesakiz\/wp-json\/wp\/v2\/tags?post=1029"}],"curies":[{"name":"wp","href":"https:\/\/api.w.org\/{rel}","templated":true}]}}