{"id":1032,"date":"2024-10-14T12:44:55","date_gmt":"2024-10-14T12:44:55","guid":{"rendered":"https:\/\/profaj.co\/denemesakiz\/?p=1032"},"modified":"2024-10-14T12:45:14","modified_gmt":"2024-10-14T12:45:14","slug":"cesmeden-sakiz-damliyor","status":"publish","type":"post","link":"https:\/\/profaj.co\/denemesakiz\/cesmeden-sakiz-damliyor\/","title":{"rendered":"\u00c7e\u015fme&#8217;den Sak\u0131z Daml\u0131yor"},"content":{"rendered":"<p>\u00c7e\u015fme Belediyesi ve S.S. \u00c7e\u015fmek\u00f6y Tar\u0131msal Kalk\u0131nma Kooperatifi i\u015f birli\u011fiyle y\u00fcr\u00fct\u00fclen \u201cSak\u0131z A\u011fac\u0131m \u00c7e\u015fme\u201d \u00c7e\u015fme Sak\u0131z A\u011fac\u0131 A\u011fa\u00e7land\u0131rma Projesi Tan\u0131t\u0131m Toplant\u0131s\u0131 ger\u00e7ekle\u015ftirildi. Toplant\u0131da, \u00c7e\u015fme Yar\u0131madas\u0131\u2019n\u0131n kadim de\u011feri olan sak\u0131z a\u011fac\u0131n\u0131 art\u0131rman\u0131n \u00f6nemi vurguland\u0131 ve 5 y\u0131l i\u00e7inde 100 bin sak\u0131z a\u011fac\u0131n\u0131n toprakla bulu\u015fturulmas\u0131n\u0131n hedeflendi\u011fi ifade edildi.<\/p>\n<p>\u00c7e\u015fme Belediyesi\u2019nin bu y\u0131l 6\u2019nc\u0131s\u0131n\u0131 d\u00fczenledi\u011fi \u201c\u00c7e\u015fme\u2019den Sak\u0131z Daml\u0131yor\u201d damla sak\u0131z\u0131 hasat etkinli\u011fi, Ala\u00e7at\u0131 Sak\u0131zlar&#8217;daki Sak\u0131z A\u011fac\u0131 Bah\u00e7esi\u2019nde yap\u0131ld\u0131. 200 y\u0131ll\u0131k sak\u0131z a\u011fa\u00e7lar\u0131ndan elde edilen sak\u0131z\u0131n \u00fcretimini art\u0131rmak ve ekonomiye kazand\u0131rmak amac\u0131yla d\u00fczenlenen etkinli\u011fe, \u00c7e\u015fme Belediye Ba\u015fkanvekili Banu Ayhan, \u00c7e\u015fme Ziraat Odas\u0131 Ba\u015fkan\u0131 S\u00fcleyman \u00d6zer, S.S. \u00c7e\u015fmek\u00f6y Tar\u0131msal Kalk\u0131nma Kooperatifi Ba\u015fkan\u0131 Kaz\u0131m Beyaz ve \u00e7ok say\u0131da vatanda\u015f kat\u0131ld\u0131. Etkinlikte kat\u0131l\u0131mc\u0131lar, sak\u0131z a\u011fa\u00e7lar\u0131n\u0131n dikiminden damla sak\u0131z\u0131n\u0131n \u00fcretimine kadar pek \u00e7ok konuda bilgilendirildi.<\/p>\n<h4>SAKIZ A\u011eACI A\u011eA\u00c7LANDIRMA PROJES\u0130 TANITILDI<\/h4>\n<p>Ala\u00e7at\u0131 Sak\u0131zlar mevkiindeki Sak\u0131z A\u011fac\u0131 Bah\u00e7esi\u2019nde ger\u00e7ekle\u015ftirilen tan\u0131t\u0131m toplant\u0131s\u0131na \u00c7e\u015fme Kaymakam\u0131 Mehmet Mara\u015fl\u0131, \u00c7e\u015fme Belediye Ba\u015fkanvekili Banu Ayhan, \u0130l\u00e7e Tar\u0131m ve Orman M\u00fcd\u00fcr\u00fc Ahmet Ke\u00e7eci ve proje payda\u015flar\u0131 kat\u0131ld\u0131. \u00c7e\u015fme Belediye Ba\u015fkanvekili Banu Ayhan, toplant\u0131da yapt\u0131\u011f\u0131 konu\u015fmada \u00c7e\u015fme\u2019nin kadim de\u011feri olan sak\u0131z a\u011fa\u00e7lar\u0131n\u0131 anavatanlar\u0131na geri kazand\u0131rmay\u0131 hedeflediklerini belirtti.<\/p>\n<h4>&#8220;SAKIZ A\u011eACI \u00c7E\u015eME\u2019N\u0130N KAD\u0130M DE\u011eER\u0130D\u0130R&#8221;<\/h4>\n<p>Ba\u015fkanvekili Banu Ayhan, \u00c7e\u015fme\u2019nin sadece turizm de\u011fil, ayn\u0131 zamanda tar\u0131msal zenginli\u011fiyle de an\u0131lmas\u0131 gerekti\u011fini belirterek \u015fu a\u00e7\u0131klamalarda bulundu:<\/p>\n<p>\u201cSak\u0131z A\u011fac\u0131n\u0131n d\u00fcnyada sadece Yunanistan\u2019\u0131n Sak\u0131z Adas\u0131 ve \u00c7e\u015fme Yar\u0131madas\u0131\u2019nda yeti\u015fmesi olduk\u00e7a de\u011ferli. Bu kadim k\u00fclt\u00fcr\u00fc korumak ve \u00c7e\u015fme\u2019ye \u00f6zg\u00fc sak\u0131z a\u011fac\u0131n\u0131 anavatan\u0131na geri kazand\u0131rmak i\u00e7in \u00e7al\u0131\u015f\u0131yoruz.\u201d<\/p>\n<h4>KADIN \u0130ST\u0130HDAMINA DESTEK<\/h4>\n<p>Ayhan, projeyi hayata ge\u00e7irirken yerel istihdam\u0131 destekleyen bir s\u00fcre\u00e7 olu\u015fturduklar\u0131n\u0131 belirtti. Kad\u0131nlar, ya\u015fl\u0131 bireyler ve engelli vatanda\u015flar\u0131n da aktif rol alaca\u011f\u0131 bu \u00fcretim s\u00fcreciyle b\u00f6lge ekonomisine katk\u0131 sa\u011flanaca\u011f\u0131n\u0131 ifade etti.<\/p>\n<h4>&#8220;HEDEF 5 YILDA 100 B\u0130N SAKIZ A\u011eACI&#8221;<\/h4>\n<p>Sak\u0131z a\u011fac\u0131n\u0131n hem yerel hem de ulusal ekonomiye katk\u0131da bulunaca\u011f\u0131n\u0131 vurgulayan Ayhan, \u201c2025 y\u0131l\u0131na kadar 20 bin sak\u0131z a\u011fac\u0131 dikece\u011fiz ve 5 y\u0131l i\u00e7inde bu say\u0131y\u0131 100 bine \u00e7\u0131karaca\u011f\u0131z. B\u00f6ylece y\u0131lda yakla\u015f\u0131k 2 ton damla sak\u0131z\u0131 \u00fcretilecektir\u201d dedi.<\/p>\n<p>Sak\u0131z a\u011fac\u0131n\u0131n y\u00fcksek karbon tutumu ve yang\u0131na kar\u015f\u0131 dayan\u0131kl\u0131 yap\u0131s\u0131yla \u00e7evreye katk\u0131 sa\u011flad\u0131\u011f\u0131n\u0131 belirten Ayhan, a\u011fac\u0131n az su istemesi ve ila\u00e7lama gerektirmemesiyle de iyi tar\u0131ma \u00f6rnek oldu\u011funu s\u00f6yledi.<\/p>\n<p>Yerli ve yabanc\u0131 turistlerin yo\u011fun ilgi g\u00f6sterdi\u011fi \u00c7e\u015fme\u2019nin, bu proje ile agro turizm alan\u0131nda da fark\u0131ndal\u0131k yarataca\u011f\u0131n\u0131 vurgulayan Ayhan, projenin \u00c7e\u015fme\u2019nin tar\u0131msal miras\u0131n\u0131 yeniden canland\u0131raca\u011f\u0131n\u0131 belirtti. Konu\u015fmalar\u0131n ard\u0131ndan \u201cSak\u0131z A\u011fac\u0131m \u00c7e\u015fme\u201d projesinin sunumu ger\u00e7ekle\u015ftirildi.<\/p>\n<p>Kaynak: <a href=\"https:\/\/www.sozcu.com.tr\/cesme-den-sakiz-damliyor-p89719\">https:\/\/www.sozcu.com.tr\/cesme-den-sakiz-damliyor-p89719<\/a><\/p>\n","protected":false},"excerpt":{"rendered":"<p>\u00c7e\u015fme Belediyesi ve S.S. \u00c7e\u015fmek\u00f6y Tar\u0131msal Kalk\u0131nma Kooperatifi i\u015f birli\u011fiyle y\u00fcr\u00fct\u00fclen \u201cSak\u0131z A\u011fac\u0131m \u00c7e\u015fme\u201d \u00c7e\u015fme Sak\u0131z A\u011fac\u0131 A\u011fa\u00e7land\u0131rma Projesi Tan\u0131t\u0131m Toplant\u0131s\u0131 ger\u00e7ekle\u015ftirildi. Toplant\u0131da, \u00c7e\u015fme Yar\u0131madas\u0131\u2019n\u0131n kadim de\u011feri olan sak\u0131z a\u011fac\u0131n\u0131 art\u0131rman\u0131n \u00f6nemi vurguland\u0131 ve 5 y\u0131l i\u00e7inde 100 bin sak\u0131z a\u011fac\u0131n\u0131n toprakla bulu\u015fturulmas\u0131n\u0131n hedeflendi\u011fi ifade edildi. \u00c7e\u015fme Belediyesi\u2019nin bu y\u0131l 6\u2019nc\u0131s\u0131n\u0131 d\u00fczenledi\u011fi \u201c\u00c7e\u015fme\u2019den Sak\u0131z Daml\u0131yor\u201d [&hellip;]<\/p>\n","protected":false},"author":1,"featured_media":1033,"comment_status":"open","ping_status":"open","sticky":false,"template":"","format":"standard","meta":{"footnotes":""},"categories":[47],"tags":[],"class_list":["post-1032","post","type-post","status-publish","format-standard","has-post-thumbnail","hentry","category-basinda-biz"],"_links":{"self":[{"href":"https:\/\/profaj.co\/denemesakiz\/wp-json\/wp\/v2\/posts\/1032","targetHints":{"allow":["GET"]}}],"collection":[{"href":"https:\/\/profaj.co\/denemesakiz\/wp-json\/wp\/v2\/posts"}],"about":[{"href":"https:\/\/profaj.co\/denemesakiz\/wp-json\/wp\/v2\/types\/post"}],"author":[{"embeddable":true,"href":"https:\/\/profaj.co\/denemesakiz\/wp-json\/wp\/v2\/users\/1"}],"replies":[{"embeddable":true,"href":"https:\/\/profaj.co\/denemesakiz\/wp-json\/wp\/v2\/comments?post=1032"}],"version-history":[{"count":2,"href":"https:\/\/profaj.co\/denemesakiz\/wp-json\/wp\/v2\/posts\/1032\/revisions"}],"predecessor-version":[{"id":1035,"href":"https:\/\/profaj.co\/denemesakiz\/wp-json\/wp\/v2\/posts\/1032\/revisions\/1035"}],"wp:featuredmedia":[{"embeddable":true,"href":"https:\/\/profaj.co\/denemesakiz\/wp-json\/wp\/v2\/media\/1033"}],"wp:attachment":[{"href":"https:\/\/profaj.co\/denemesakiz\/wp-json\/wp\/v2\/media?parent=1032"}],"wp:term":[{"taxonomy":"category","embeddable":true,"href":"https:\/\/profaj.co\/denemesakiz\/wp-json\/wp\/v2\/categories?post=1032"},{"taxonomy":"post_tag","embeddable":true,"href":"https:\/\/profaj.co\/denemesakiz\/wp-json\/wp\/v2\/tags?post=1032"}],"curies":[{"name":"wp","href":"https:\/\/api.w.org\/{rel}","templated":true}]}}