{"id":959,"date":"2024-10-14T12:05:13","date_gmt":"2024-10-14T12:05:13","guid":{"rendered":"https:\/\/profaj.co\/denemesakiz\/?p=959"},"modified":"2024-10-14T12:06:37","modified_gmt":"2024-10-14T12:06:37","slug":"kaymakamimiz-sayin-mehmet-marasli-sakiz-agacim-cesme-agaclandirma-projesi-tanitim-programina-katildi","status":"publish","type":"post","link":"https:\/\/profaj.co\/denemesakiz\/kaymakamimiz-sayin-mehmet-marasli-sakiz-agacim-cesme-agaclandirma-projesi-tanitim-programina-katildi\/","title":{"rendered":"Kaymakam\u0131m\u0131z Say\u0131n Mehmet MARA\u015eLI, &#8221;Sak\u0131z A\u011fac\u0131m \u00c7e\u015fme&#8221; A\u011fa\u00e7land\u0131rma Projesi tan\u0131t\u0131m program\u0131na kat\u0131ld\u0131."},"content":{"rendered":"<p>Kaymakam\u0131m\u0131z Say\u0131n Mehmet MARA\u015eLI ve Han\u0131mefendi Say\u0131n Arzu G\u00dcLERY\u00dcZ MARA\u015eLI, &#8221;Sak\u0131z A\u011fac\u0131m \u00c7e\u015fme&#8221; A\u011fa\u00e7land\u0131rma Projesi tan\u0131t\u0131m program\u0131na kat\u0131ld\u0131. Proje payda\u015flar\u0131 ve yerel sak\u0131z \u00fcreticilerinin kat\u0131l\u0131m\u0131yla ger\u00e7ekle\u015ftirilen programda konu\u015fma yapan Say\u0131n Kaymakam\u0131m\u0131z, sak\u0131z a\u011fac\u0131n\u0131n sadece bir tar\u0131m \u00fcr\u00fcn\u00fc de\u011fil ayn\u0131 zamanda \u00c7e\u015fme\u2019nin k\u00fclt\u00fcrel miras\u0131n\u0131n bir par\u00e7as\u0131 oldu\u011funu, \u0130l\u00e7e Tar\u0131m M\u00fcd\u00fcrl\u00fc\u011f\u00fcm\u00fcz\u00fcn uzun y\u0131llar s\u00fcren \u00e7al\u0131\u015fmalar\u0131 sonucunda, \u00c7e\u015fme Damla Sak\u0131z\u0131&#8217;n\u0131n co\u011frafi i\u015faret alarak tescillendi\u011fini, \u00c7e\u015fme sak\u0131z\u0131n\u0131 uluslararas\u0131 alana ta\u015f\u0131mak istediklerini ve \u00c7e\u015fme\u2019de uygun alanlarda sak\u0131z a\u011fac\u0131 dikilmesi i\u00e7in \u00e7al\u0131\u015fmalar\u0131 s\u00fcrd\u00fcreceklerini ifade ederek, \u00c7e\u015fme Damla Sak\u0131z A\u011fac\u0131n\u0131n korunmas\u0131nda ve yeti\u015ftirilmesinde eme\u011fi ge\u00e7en herkese te\u015fekk\u00fcr etti. Proje kapsam\u0131nda \u00c7e\u015fme Belediyesi ve \u00c7e\u015fme Tar\u0131msal Kalk\u0131nma Kooperatifince, il\u00e7emizde Sak\u0131z A\u011fac\u0131 dikiminin art\u0131r\u0131lmas\u0131 planlanmaktad\u0131r.<\/p>\n<p><img fetchpriority=\"high\" decoding=\"async\" class=\"alignnone wp-image-962 size-full\" src=\"https:\/\/profaj.co\/denemesakiz\/wp-content\/uploads\/2024\/10\/gorsel5.jpg\" alt=\"\" width=\"1200\" height=\"700\" srcset=\"https:\/\/profaj.co\/denemesakiz\/wp-content\/uploads\/2024\/10\/gorsel5.jpg 1200w, https:\/\/profaj.co\/denemesakiz\/wp-content\/uploads\/2024\/10\/gorsel5-300x175.jpg 300w, https:\/\/profaj.co\/denemesakiz\/wp-content\/uploads\/2024\/10\/gorsel5-1024x597.jpg 1024w, https:\/\/profaj.co\/denemesakiz\/wp-content\/uploads\/2024\/10\/gorsel5-768x448.jpg 768w, https:\/\/profaj.co\/denemesakiz\/wp-content\/uploads\/2024\/10\/gorsel5-600x350.jpg 600w\" sizes=\"(max-width: 1200px) 100vw, 1200px\" \/> <img decoding=\"async\" class=\"alignnone size-full wp-image-965\" src=\"https:\/\/profaj.co\/denemesakiz\/wp-content\/uploads\/2024\/10\/gorsel2.jpg\" alt=\"\" width=\"1200\" height=\"700\" srcset=\"https:\/\/profaj.co\/denemesakiz\/wp-content\/uploads\/2024\/10\/gorsel2.jpg 1200w, https:\/\/profaj.co\/denemesakiz\/wp-content\/uploads\/2024\/10\/gorsel2-300x175.jpg 300w, https:\/\/profaj.co\/denemesakiz\/wp-content\/uploads\/2024\/10\/gorsel2-1024x597.jpg 1024w, https:\/\/profaj.co\/denemesakiz\/wp-content\/uploads\/2024\/10\/gorsel2-768x448.jpg 768w, https:\/\/profaj.co\/denemesakiz\/wp-content\/uploads\/2024\/10\/gorsel2-600x350.jpg 600w\" sizes=\"(max-width: 1200px) 100vw, 1200px\" \/> <img decoding=\"async\" class=\"alignnone wp-image-964 size-full\" src=\"https:\/\/profaj.co\/denemesakiz\/wp-content\/uploads\/2024\/10\/gorsel3.jpg\" alt=\"\" width=\"1200\" height=\"700\" srcset=\"https:\/\/profaj.co\/denemesakiz\/wp-content\/uploads\/2024\/10\/gorsel3.jpg 1200w, https:\/\/profaj.co\/denemesakiz\/wp-content\/uploads\/2024\/10\/gorsel3-300x175.jpg 300w, https:\/\/profaj.co\/denemesakiz\/wp-content\/uploads\/2024\/10\/gorsel3-1024x597.jpg 1024w, https:\/\/profaj.co\/denemesakiz\/wp-content\/uploads\/2024\/10\/gorsel3-768x448.jpg 768w, https:\/\/profaj.co\/denemesakiz\/wp-content\/uploads\/2024\/10\/gorsel3-600x350.jpg 600w\" sizes=\"(max-width: 1200px) 100vw, 1200px\" \/> <img loading=\"lazy\" decoding=\"async\" class=\"alignnone wp-image-963 size-full\" src=\"https:\/\/profaj.co\/denemesakiz\/wp-content\/uploads\/2024\/10\/gorsel4.jpg\" alt=\"\" width=\"1200\" height=\"700\" srcset=\"https:\/\/profaj.co\/denemesakiz\/wp-content\/uploads\/2024\/10\/gorsel4.jpg 1200w, https:\/\/profaj.co\/denemesakiz\/wp-content\/uploads\/2024\/10\/gorsel4-300x175.jpg 300w, https:\/\/profaj.co\/denemesakiz\/wp-content\/uploads\/2024\/10\/gorsel4-1024x597.jpg 1024w, https:\/\/profaj.co\/denemesakiz\/wp-content\/uploads\/2024\/10\/gorsel4-768x448.jpg 768w, https:\/\/profaj.co\/denemesakiz\/wp-content\/uploads\/2024\/10\/gorsel4-600x350.jpg 600w\" sizes=\"(max-width: 1200px) 100vw, 1200px\" \/><\/p>\n<p>Kaynak : <a href=\"http:\/\/cesme.gov.tr\/kaymakamimiz-sayin-mehmet-marasli-sakiz-agacim-cesme-agaclandirma-projesi-tanitim-programina-katildi\">http:\/\/cesme.gov.tr\/kaymakamimiz-sayin-mehmet-marasli-sakiz-agacim-cesme-agaclandirma-projesi-tanitim-programina-katildi<\/a><\/p>\n","protected":false},"excerpt":{"rendered":"<p>Kaymakam\u0131m\u0131z Say\u0131n Mehmet MARA\u015eLI ve Han\u0131mefendi Say\u0131n Arzu G\u00dcLERY\u00dcZ MARA\u015eLI, &#8221;Sak\u0131z A\u011fac\u0131m \u00c7e\u015fme&#8221; A\u011fa\u00e7land\u0131rma Projesi tan\u0131t\u0131m program\u0131na kat\u0131ld\u0131. Proje payda\u015flar\u0131 ve yerel sak\u0131z \u00fcreticilerinin kat\u0131l\u0131m\u0131yla ger\u00e7ekle\u015ftirilen programda konu\u015fma yapan Say\u0131n Kaymakam\u0131m\u0131z, sak\u0131z a\u011fac\u0131n\u0131n sadece bir tar\u0131m \u00fcr\u00fcn\u00fc de\u011fil ayn\u0131 zamanda \u00c7e\u015fme\u2019nin k\u00fclt\u00fcrel miras\u0131n\u0131n bir par\u00e7as\u0131 oldu\u011funu, \u0130l\u00e7e Tar\u0131m M\u00fcd\u00fcrl\u00fc\u011f\u00fcm\u00fcz\u00fcn uzun y\u0131llar s\u00fcren \u00e7al\u0131\u015fmalar\u0131 sonucunda, \u00c7e\u015fme [&hellip;]<\/p>\n","protected":false},"author":1,"featured_media":961,"comment_status":"open","ping_status":"open","sticky":false,"template":"","format":"standard","meta":{"footnotes":""},"categories":[47],"tags":[],"class_list":["post-959","post","type-post","status-publish","format-standard","has-post-thumbnail","hentry","category-basinda-biz"],"_links":{"self":[{"href":"https:\/\/profaj.co\/denemesakiz\/wp-json\/wp\/v2\/posts\/959","targetHints":{"allow":["GET"]}}],"collection":[{"href":"https:\/\/profaj.co\/denemesakiz\/wp-json\/wp\/v2\/posts"}],"about":[{"href":"https:\/\/profaj.co\/denemesakiz\/wp-json\/wp\/v2\/types\/post"}],"author":[{"embeddable":true,"href":"https:\/\/profaj.co\/denemesakiz\/wp-json\/wp\/v2\/users\/1"}],"replies":[{"embeddable":true,"href":"https:\/\/profaj.co\/denemesakiz\/wp-json\/wp\/v2\/comments?post=959"}],"version-history":[{"count":5,"href":"https:\/\/profaj.co\/denemesakiz\/wp-json\/wp\/v2\/posts\/959\/revisions"}],"predecessor-version":[{"id":970,"href":"https:\/\/profaj.co\/denemesakiz\/wp-json\/wp\/v2\/posts\/959\/revisions\/970"}],"wp:featuredmedia":[{"embeddable":true,"href":"https:\/\/profaj.co\/denemesakiz\/wp-json\/wp\/v2\/media\/961"}],"wp:attachment":[{"href":"https:\/\/profaj.co\/denemesakiz\/wp-json\/wp\/v2\/media?parent=959"}],"wp:term":[{"taxonomy":"category","embeddable":true,"href":"https:\/\/profaj.co\/denemesakiz\/wp-json\/wp\/v2\/categories?post=959"},{"taxonomy":"post_tag","embeddable":true,"href":"https:\/\/profaj.co\/denemesakiz\/wp-json\/wp\/v2\/tags?post=959"}],"curies":[{"name":"wp","href":"https:\/\/api.w.org\/{rel}","templated":true}]}}