{"id":1,"date":"2026-04-17T08:26:20","date_gmt":"2026-04-17T08:26:20","guid":{"rendered":"https:\/\/profaj.co\/dijital\/?p=1"},"modified":"2026-04-27T06:36:39","modified_gmt":"2026-04-27T06:36:39","slug":"hello-world","status":"publish","type":"post","link":"https:\/\/profaj.co\/dijital\/hello-world\/","title":{"rendered":"T\u00fcrkiye\u2019nin dijital e\u015fitsizlik haritas\u0131"},"content":{"rendered":"<p>T\u00fcrkiye\u2019de ilk kez \u201cDjital E\u015fitsizlik Is\u0131 Haritas\u0131\u201d haz\u0131rlan\u0131yor. T\u00dcB\u0130TAK destekli bilimsel projeyle dijital e\u015fitsizlik ortaya \u00e7\u0131kar\u0131lacak.<\/p>\n<p>Projenin ilk kitab\u0131 olan \u201cBirinci Dereceden \u00dc\u00e7\u00fcnc\u00fc Dereceye\u00a0<a class=\"inline-keyword from-service\" href=\"https:\/\/www.milliyet.com.tr\/haberleri\/dijital-esitsizlik\" target=\"_blank\" rel=\"noopener\">Dijital E\u015fitsizlik<\/a>: \u00c7ok Boyutlu Bir Kuramsal \u0130nceleme\u201d, T\u00fcrkiye\u2019de dijital e\u015fitsizli\u011fi internete eri\u015fim oranlar\u0131n\u0131n \u00f6tesinde ele alarak bireylerin teknolojiyi nas\u0131l kulland\u0131\u011f\u0131na odaklan\u0131yor. \u0130zmir Katip \u00c7elebi \u00dcniversitesi y\u00fcr\u00fct\u00fcc\u00fcl\u00fc\u011f\u00fcnde, Ege \u00dcniversitesi ve \u0130zmir Demokrasi \u00dcniversitesi ortakl\u0131\u011f\u0131nda ger\u00e7ekle\u015ftirilen ara\u015ft\u0131rman\u0131n proje y\u00fcr\u00fct\u00fcc\u00fcl\u00fc\u011f\u00fcn\u00fc Prof. Dr. Elif Korap \u00d6zel yap\u0131yor.<\/p>\n<p><a href=\"https:\/\/www.milliyet.com.tr\/egitim\/turkiyenin-dijital-esitsizlik-haritasi-7569895\">Kaynak : https:\/\/www.milliyet.com.tr\/egitim\/turkiyenin-dijital-esitsizlik-haritasi-7569895<\/a><\/p>\n","protected":false},"excerpt":{"rendered":"<p>T\u00fcrkiye\u2019de ilk kez \u201cDjital E\u015fitsizlik Is\u0131 Haritas\u0131\u201d haz\u0131rlan\u0131yor. T\u00dcB\u0130TAK destekli bilimsel projeyle dijital e\u015fitsizlik ortaya \u00e7\u0131kar\u0131lacak. Projenin ilk kitab\u0131 olan \u201cBirinci Dereceden \u00dc\u00e7\u00fcnc\u00fc Dereceye\u00a0Dijital E\u015fitsizlik: \u00c7ok Boyutlu Bir Kuramsal \u0130nceleme\u201d, T\u00fcrkiye\u2019de dijital e\u015fitsizli\u011fi internete eri\u015fim oranlar\u0131n\u0131n \u00f6tesinde ele alarak bireylerin teknolojiyi nas\u0131l kulland\u0131\u011f\u0131na odaklan\u0131yor. \u0130zmir Katip \u00c7elebi \u00dcniversitesi y\u00fcr\u00fct\u00fcc\u00fcl\u00fc\u011f\u00fcnde, Ege \u00dcniversitesi ve \u0130zmir Demokrasi \u00dcniversitesi [&hellip;]<\/p>\n","protected":false},"author":1,"featured_media":136,"comment_status":"open","ping_status":"open","sticky":false,"template":"","format":"standard","meta":{"footnotes":""},"categories":[1],"tags":[],"class_list":["post-1","post","type-post","status-publish","format-standard","has-post-thumbnail","hentry","category-uncategorized"],"_links":{"self":[{"href":"https:\/\/profaj.co\/dijital\/wp-json\/wp\/v2\/posts\/1","targetHints":{"allow":["GET"]}}],"collection":[{"href":"https:\/\/profaj.co\/dijital\/wp-json\/wp\/v2\/posts"}],"about":[{"href":"https:\/\/profaj.co\/dijital\/wp-json\/wp\/v2\/types\/post"}],"author":[{"embeddable":true,"href":"https:\/\/profaj.co\/dijital\/wp-json\/wp\/v2\/users\/1"}],"replies":[{"embeddable":true,"href":"https:\/\/profaj.co\/dijital\/wp-json\/wp\/v2\/comments?post=1"}],"version-history":[{"count":2,"href":"https:\/\/profaj.co\/dijital\/wp-json\/wp\/v2\/posts\/1\/revisions"}],"predecessor-version":[{"id":137,"href":"https:\/\/profaj.co\/dijital\/wp-json\/wp\/v2\/posts\/1\/revisions\/137"}],"wp:featuredmedia":[{"embeddable":true,"href":"https:\/\/profaj.co\/dijital\/wp-json\/wp\/v2\/media\/136"}],"wp:attachment":[{"href":"https:\/\/profaj.co\/dijital\/wp-json\/wp\/v2\/media?parent=1"}],"wp:term":[{"taxonomy":"category","embeddable":true,"href":"https:\/\/profaj.co\/dijital\/wp-json\/wp\/v2\/categories?post=1"},{"taxonomy":"post_tag","embeddable":true,"href":"https:\/\/profaj.co\/dijital\/wp-json\/wp\/v2\/tags?post=1"}],"curies":[{"name":"wp","href":"https:\/\/api.w.org\/{rel}","templated":true}]}}