{"id":139,"date":"2026-04-27T06:42:38","date_gmt":"2026-04-27T06:42:38","guid":{"rendered":"https:\/\/profaj.co\/dijital\/?p=139"},"modified":"2026-04-27T06:46:09","modified_gmt":"2026-04-27T06:46:09","slug":"dijital-dunyanin-gorunmeyen-esitsizligi","status":"publish","type":"post","link":"https:\/\/profaj.co\/dijital\/dijital-dunyanin-gorunmeyen-esitsizligi\/","title":{"rendered":"Dijital d\u00fcnyan\u0131n g\u00f6r\u00fcnmeyen e\u015fitsizli\u011fi"},"content":{"rendered":"<p>Dijitalle\u015fme hayat\u0131n her alan\u0131n\u0131 d\u00f6n\u00fc\u015ft\u00fcr\u00fcrken, \u201cherkes internete eri\u015fiyor\u201d alg\u0131s\u0131 da giderek g\u00fc\u00e7leniyor. Oysa ger\u00e7ek tablo \u00e7ok daha farkl\u0131. T\u00fcrkiye\u2019de ilk kez haz\u0131rlanacak \u201cDijital E\u015fitsizlik Is\u0131 Haritas\u0131\u201d, dijital d\u00fcnyada g\u00f6r\u00fcnmeyen farklar\u0131 ortaya \u00e7\u0131karacak. T\u00dcB\u0130TAK destekli bilimsel proje, ayn\u0131 eri\u015fim imk\u00e2n\u0131na sahip olanlar aras\u0131nda bile kimlerin bunu avantaja \u00e7evirdi\u011fini, kimlerin geride kald\u0131\u011f\u0131n\u0131 g\u00f6sterecek. Projenin ba\u015f\u0131nda Prof. Dr. Elif Korap \u00d6zel bulunuyor. Ara\u015ft\u0131rma ekibinde \u00fc\u00e7 \u00fcniversiteden Prof. Dr. \u015eadiye Deniz, Do\u00e7. Dr. Mustafa Yal\u00e7\u0131n, Do\u00e7. Dr. Beng\u00fcl Kavlak, \u0130smail Erol, Rabia \u015eim\u015fek, G\u00fcl\u015fah G\u00f6n\u00fcl\u015fen, Zeynep \u00d6zel ve G\u00f6rkem \u00d6z\u00e7\u0131nar yer al\u0131yor. Ekipte ayr\u0131ca bir lise \u00f6\u011frencisi, Robert Kolej\u2019den Ege \u00c7\u0131nar Tosun var. Bu bilimsel \u00e7al\u0131\u015fman\u0131n \u201cDijital E\u015fitsizlik\u201d adl\u0131 ilk kitab\u0131 da yay\u0131mland\u0131. D\u00fcnyaca \u00fcnl\u00fc bilim insan\u0131 Prof. Jan van Dijk, kitab\u0131n \u00f6ns\u00f6z\u00fcndeki yaz\u0131s\u0131nda dijital e\u015fitsizli\u011fin neden toplumsal sorun h\u00e2line geldi\u011fini ortaya koyuyor. Haz\u0131rlanacak harita, e\u015fitsizli\u011fin yo\u011funla\u015ft\u0131\u011f\u0131 \u015fehirleri, gruplar\u0131 ve alanlar\u0131 g\u00f6r\u00fcn\u00fcr k\u0131lacak. Bu veriler; e\u011fitimden istihdama pek \u00e7ok alanda yol g\u00f6sterici olacak.<br \/>\n<img fetchpriority=\"high\" decoding=\"async\" class=\"alignnone wp-image-141 size-full\" src=\"https:\/\/profaj.co\/dijital\/wp-content\/uploads\/2026\/04\/69d6c4b58b1ee0a7319c2e6f.webp\" alt=\"\" width=\"770\" height=\"435\" srcset=\"https:\/\/profaj.co\/dijital\/wp-content\/uploads\/2026\/04\/69d6c4b58b1ee0a7319c2e6f.webp 770w, https:\/\/profaj.co\/dijital\/wp-content\/uploads\/2026\/04\/69d6c4b58b1ee0a7319c2e6f-300x169.webp 300w, https:\/\/profaj.co\/dijital\/wp-content\/uploads\/2026\/04\/69d6c4b58b1ee0a7319c2e6f-768x434.webp 768w\" sizes=\"(max-width: 770px) 100vw, 770px\" \/><\/p>\n<p><strong>D\u00dcZCE\u2019DE S\u0130YASET \u00dcST\u00dc BULU\u015eMA<\/strong><\/p>\n<p>Farkl\u0131 siyasi g\u00f6r\u00fc\u015flerin rekabeti b\u0131rak\u0131p ayn\u0131 \u015fehir i\u00e7in i\u015fbirli\u011fi yapmalar\u0131, yerelde ba\u015far\u0131y\u0131 belirleyen en \u00f6nemli unsurlardan biridir. Bunun somut \u00f6rne\u011fi D\u00fczce\u2019de sergilendi. Belediye Ba\u015fkan\u0131 Faruk \u00d6zl\u00fc\u2019n\u00fcn davetiyle siyasi partilerin il ba\u015fkanlar\u0131 D\u00fczce i\u00e7in bir araya geldi. Siyaset \u00fcst\u00fc bir anlay\u0131\u015fla ger\u00e7ekle\u015fen bulu\u015fmada ortak ak\u0131l, isti\u015fare ve diyalo\u011fun g\u00fc\u00e7lendirilmesi y\u00f6n\u00fcnde mesajlar verildi. Toplant\u0131n\u0131n ana ba\u015fl\u0131\u011f\u0131 D\u00fczce\u2019nin gelece\u011fine y\u00f6n verecek yat\u0131r\u0131mlard\u0131. Kritik altyap\u0131 hamleleri s\u0131raland\u0131. D\u00fczce\u2019de \u015fehir kimli\u011fini g\u00fc\u00e7lendirecek \u00e7al\u0131\u015fmalar da payla\u015f\u0131ld\u0131. Bunlar aras\u0131nda 81 ilden getirilecek ta\u015flarla in\u015fa edilecek An\u0131t Eser dikkati \u00e7ekti. Bulu\u015fmada projelerden baz\u0131lar\u0131 yerinde incelendi. T\u00fcm bu tabloya bakt\u0131\u011f\u0131m\u0131zda as\u0131l dikkat \u00e7eken unsur; projelerin b\u00fcy\u00fckl\u00fc\u011f\u00fcnden \u00e7ok, bunlar\u0131n ortak bir anlay\u0131\u015fla payla\u015f\u0131lmas\u0131 oldu.<\/p>\n<p><strong>HOB\u0130LER \u0130\u015eE VE KAZANCA D\u00d6N\u00dc\u015eECEK<\/strong><\/p>\n<p>Kad\u0131nlar\u0131n \u00fcretim g\u00fcc\u00fcn\u00fc ekonomik de\u011fere d\u00f6n\u00fc\u015ft\u00fcrmek, ba\u015far\u0131 hik\u00e2yeleri ortaya \u00e7\u0131karmakla birlikte toplumsal kalk\u0131nman\u0131n da kap\u0131lar\u0131n\u0131 aralar. Bu anlay\u0131\u015fla hayata ge\u00e7irilen \u201cHobin \u0130\u015fin Olsun\u201d projesi, kad\u0131n eme\u011finin g\u00f6r\u00fcn\u00fcr ve s\u00fcrd\u00fcr\u00fclebilir h\u00e2le getirilmesini hedefliyor. \u0130stanbul Aile ve Sosyal Hizmetler \u0130l M\u00fcd\u00fcrl\u00fc\u011f\u00fc \u00f6nc\u00fcl\u00fc\u011f\u00fcnde, \u0130stanbul Ticaret \u00dcniversitesi ve \u0130stanbul Ticaret Odas\u0131\u2019n\u0131n destekleriyle ba\u015flat\u0131lan proje, hobilerini \u00fcretime d\u00f6n\u00fc\u015ft\u00fcren ancak bunu kazanca \u00e7evirmekte zorlanan kad\u0131nlara yeni bir yol a\u00e7\u0131yor. E\u011fitim ve dan\u0131\u015fmanl\u0131k deste\u011fiyle kad\u0131nlar\u0131n giri\u015fimcilik kapasitelerinin art\u0131r\u0131lmas\u0131, i\u015f g\u00fcc\u00fcne kat\u0131l\u0131mlar\u0131n\u0131n g\u00fc\u00e7lendirilmesi ve ekonomik ba\u011f\u0131ms\u0131zl\u0131klar\u0131n\u0131n desteklenmesi ama\u00e7lan\u0131yor. Projeye ba\u015fvuran 720 kad\u0131ndan 36\u2019s\u0131, \u00fcniversite b\u00fcnyesindeki e\u011fitimlere kat\u0131l\u0131yor.<\/p>\n<p><a href=\"https:\/\/www.posta.com.tr\/yazarlar\/mustafa-bakacak\/dijital-dunyanin-gorunmeyen-esitsizligi-2981181\">Kaynak : https:\/\/www.posta.com.tr\/yazarlar\/mustafa-bakacak\/dijital-dunyanin-gorunmeyen-esitsizligi-2981181<\/a><\/p>\n","protected":false},"excerpt":{"rendered":"<p>Dijitalle\u015fme hayat\u0131n her alan\u0131n\u0131 d\u00f6n\u00fc\u015ft\u00fcr\u00fcrken, \u201cherkes internete eri\u015fiyor\u201d alg\u0131s\u0131 da giderek g\u00fc\u00e7leniyor. Oysa ger\u00e7ek tablo \u00e7ok daha farkl\u0131. T\u00fcrkiye\u2019de ilk kez haz\u0131rlanacak \u201cDijital E\u015fitsizlik Is\u0131 Haritas\u0131\u201d, dijital d\u00fcnyada g\u00f6r\u00fcnmeyen farklar\u0131 ortaya \u00e7\u0131karacak. T\u00dcB\u0130TAK destekli bilimsel proje, ayn\u0131 eri\u015fim imk\u00e2n\u0131na sahip olanlar aras\u0131nda bile kimlerin bunu avantaja \u00e7evirdi\u011fini, kimlerin geride kald\u0131\u011f\u0131n\u0131 g\u00f6sterecek. Projenin ba\u015f\u0131nda Prof. Dr. [&hellip;]<\/p>\n","protected":false},"author":1,"featured_media":140,"comment_status":"open","ping_status":"open","sticky":false,"template":"","format":"standard","meta":{"footnotes":""},"categories":[1],"tags":[],"class_list":["post-139","post","type-post","status-publish","format-standard","has-post-thumbnail","hentry","category-uncategorized"],"_links":{"self":[{"href":"https:\/\/profaj.co\/dijital\/wp-json\/wp\/v2\/posts\/139","targetHints":{"allow":["GET"]}}],"collection":[{"href":"https:\/\/profaj.co\/dijital\/wp-json\/wp\/v2\/posts"}],"about":[{"href":"https:\/\/profaj.co\/dijital\/wp-json\/wp\/v2\/types\/post"}],"author":[{"embeddable":true,"href":"https:\/\/profaj.co\/dijital\/wp-json\/wp\/v2\/users\/1"}],"replies":[{"embeddable":true,"href":"https:\/\/profaj.co\/dijital\/wp-json\/wp\/v2\/comments?post=139"}],"version-history":[{"count":2,"href":"https:\/\/profaj.co\/dijital\/wp-json\/wp\/v2\/posts\/139\/revisions"}],"predecessor-version":[{"id":148,"href":"https:\/\/profaj.co\/dijital\/wp-json\/wp\/v2\/posts\/139\/revisions\/148"}],"wp:featuredmedia":[{"embeddable":true,"href":"https:\/\/profaj.co\/dijital\/wp-json\/wp\/v2\/media\/140"}],"wp:attachment":[{"href":"https:\/\/profaj.co\/dijital\/wp-json\/wp\/v2\/media?parent=139"}],"wp:term":[{"taxonomy":"category","embeddable":true,"href":"https:\/\/profaj.co\/dijital\/wp-json\/wp\/v2\/categories?post=139"},{"taxonomy":"post_tag","embeddable":true,"href":"https:\/\/profaj.co\/dijital\/wp-json\/wp\/v2\/tags?post=139"}],"curies":[{"name":"wp","href":"https:\/\/api.w.org\/{rel}","templated":true}]}}