{"id":149,"date":"2026-04-27T06:49:56","date_gmt":"2026-04-27T06:49:56","guid":{"rendered":"https:\/\/profaj.co\/dijital\/?p=149"},"modified":"2026-04-27T06:50:41","modified_gmt":"2026-04-27T06:50:41","slug":"turkiyenin-ilk-dijital-esitsizlik-haritasi-cikariliyor-herkes-internette-kimse-esit-degil-2","status":"publish","type":"post","link":"https:\/\/profaj.co\/dijital\/turkiyenin-ilk-dijital-esitsizlik-haritasi-cikariliyor-herkes-internette-kimse-esit-degil-2\/","title":{"rendered":"T\u00fcrkiye\u2019nin ilk dijital e\u015fitsizlik haritas\u0131 \u00e7\u0131kar\u0131l\u0131yor; \u201cHerkes internette, kimse e\u015fit de\u011fil\u201d"},"content":{"rendered":"<p>T\u00fcrkiye\u2019de ilk kez \u201cDijital E\u015fitsizlik Is\u0131 Haritas\u0131\u201d haz\u0131rlan\u0131yor. T\u00dcB\u0130TAK destekli bilimsel projeyle, internete benzer d\u00fczeylerde eri\u015fimi olanlar aras\u0131nda bile, kimlerin dijital f\u0131rsatlardan ger\u00e7ek anlamda yararland\u0131\u011f\u0131, kimlerin ise geride kald\u0131\u011f\u0131 \u00e7arp\u0131c\u0131 bi\u00e7imde ortaya \u00e7\u0131kacak. Ara\u015ft\u0131rma, dijital e\u015fitsizli\u011fin g\u00f6r\u00fcnmeyen boyutlar\u0131n\u0131 ortaya \u00e7\u0131karacak.<\/p>\n<p>T\u00dcB\u0130TAK deste\u011fiyle y\u00fcr\u00fct\u00fclen dijital e\u015fitsizlik ara\u015ft\u0131rmas\u0131n\u0131n ilk kitab\u0131 yay\u0131mland\u0131.<\/p>\n<p>\u201cBirinci Dereceden \u00dc\u00e7\u00fcnc\u00fc Dereceye Dijital E\u015fitsizlik: \u00c7ok Boyutlu Bir Kuramsal \u0130nceleme\u201d isimli kitap, T\u00fcrkiye\u2019de dijital e\u015fitsizli\u011fi internete eri\u015fim oranlar\u0131n\u0131n \u00f6tesinde ele alarak bireylerin teknolojiyi nas\u0131l kulland\u0131\u011f\u0131na ve ne kadar fayda sa\u011flad\u0131\u011f\u0131na odaklan\u0131yor. T\u00fcrkiye\u2019de ilk kez dijital e\u015fitsizlik \u0131s\u0131 haritas\u0131n\u0131n \u00e7\u0131kar\u0131laca\u011f\u0131 ara\u015ft\u0131rma farkl\u0131 b\u00f6lgelerde y\u00fcr\u00fct\u00fclen saha verileriyle bireylerin benzer eri\u015fime sahip olsalar dahi kullan\u0131mlar\u0131ndaki e\u015fitsizli\u011fin boyutlar\u0131n\u0131 ortaya \u00e7\u0131karacak.<\/p>\n<p>\u0130zmir Katip \u00c7elebi \u00dcniversitesi y\u00fcr\u00fct\u00fcc\u00fcl\u00fc\u011f\u00fcnde, Ege \u00dcniversitesi ve \u0130zmir Demokrasi \u00dcniversitesi ortakl\u0131\u011f\u0131nda ger\u00e7ekle\u015ftirilen T\u00dcB\u0130TAK destekli ara\u015ft\u0131rman\u0131n Proje Y\u00fcr\u00fct\u00fcc\u00fcl\u00fc\u011f\u00fcn\u00fc Prof. Dr. Elif Korap \u00d6zel yap\u0131yor. Ara\u015ft\u0131rma ekibinde ise Prof. Dr. \u015eadiye Deniz, Do\u00e7. Dr. Mustafa Yal\u00e7\u0131n, Do\u00e7. Dr. Beng\u00fcl Kavlak, \u0130smail Erol, Rabia \u015eim\u015fek, G\u00fcl\u015fah G\u00f6n\u00fcl\u015fen, Zeynep \u00d6zel, G\u00f6rkem \u00d6z\u00e7\u0131nar ve Ege \u00c7\u0131nar Tosun yer al\u0131yor.<\/p>\n<p>Ara\u015ft\u0131rman\u0131n ilk bilimsel yay\u0131n\u0131 Nobel Yay\u0131nevi taraf\u0131ndan yay\u0131nland\u0131. \u00c7al\u0131\u015fma, dijital d\u00fcnyan\u0131n sundu\u011fu imkanlardan herkesin e\u015fit d\u00fczeyde yararlanamad\u0131\u011f\u0131n\u0131 ortaya koyuyor ve bu fark\u0131n nedenlerini a\u00e7\u0131kl\u0131yor. Kitab\u0131n \u00f6n s\u00f6z\u00fcn\u00fc projenin dan\u0131\u015fmanl\u0131\u011f\u0131n\u0131 da yapan Avrupa Komisyonu resmi dan\u0131\u015fman\u0131 ve d\u00fcnyaca \u00fcnl\u00fc bilim insan\u0131 Jan van Dijk kaleme ald\u0131.<\/p>\n<p>Projenin devam eden safhalar\u0131nda, dijital teknolojilerin fayda analizi yap\u0131lacak. Elde edilen verilerle, dijital e\u015fitsizli\u011fin hangi \u015fehirlerde, hangi gruplar aras\u0131nda ve hangi alanlarda yo\u011funla\u015ft\u0131\u011f\u0131 haritaland\u0131r\u0131lacak. \u00c7al\u0131\u015fman\u0131n son ad\u0131m\u0131nda \u201cDijital Is\u0131 Haritas\u0131\u201d genel eri\u015fime a\u00e7\u0131lacak.<\/p>\n<p><img fetchpriority=\"high\" decoding=\"async\" class=\"alignnone wp-image-150 size-full\" src=\"https:\/\/profaj.co\/dijital\/wp-content\/uploads\/2026\/04\/5a5a7d86-6475-4203-828a-801ad7b4cf53.webp\" alt=\"\" width=\"1800\" height=\"1200\" srcset=\"https:\/\/profaj.co\/dijital\/wp-content\/uploads\/2026\/04\/5a5a7d86-6475-4203-828a-801ad7b4cf53.webp 1800w, https:\/\/profaj.co\/dijital\/wp-content\/uploads\/2026\/04\/5a5a7d86-6475-4203-828a-801ad7b4cf53-300x200.webp 300w, https:\/\/profaj.co\/dijital\/wp-content\/uploads\/2026\/04\/5a5a7d86-6475-4203-828a-801ad7b4cf53-1024x683.webp 1024w, https:\/\/profaj.co\/dijital\/wp-content\/uploads\/2026\/04\/5a5a7d86-6475-4203-828a-801ad7b4cf53-768x512.webp 768w, https:\/\/profaj.co\/dijital\/wp-content\/uploads\/2026\/04\/5a5a7d86-6475-4203-828a-801ad7b4cf53-1536x1024.webp 1536w\" sizes=\"(max-width: 1800px) 100vw, 1800px\" \/><\/p>\n<h3>\u201c\u0130nternete eri\u015fiyor olmam\u0131z, e\u015fit oldu\u011fumuz anlam\u0131na gelmiyor\u201d<\/h3>\n<p>Proje Y\u00fcr\u00fct\u00fcc\u00fcs\u00fc Prof. Dr. Elif Korap \u00d6zel, dijital e\u015fitsizli\u011fin sadece internet ya da cihaza eri\u015fim olarak d\u00fc\u015f\u00fcn\u00fclmemesi gerekti\u011fini vurgulad\u0131. Prof. \u00d6zel, \u201cMesele bundan \u00e7ok daha derin. Birinci a\u015famada teknolojiye eri\u015fim, ikinci a\u015famada bu teknolojileri kullanabilme becerisi var. Ancak en kritik a\u015fama \u00fc\u00e7\u00fcnc\u00fc derece dijital e\u015fitsizlik. Bu da bireylerin dijital teknolojileri ne kadar faydaya d\u00f6n\u00fc\u015ft\u00fcrebildi\u011fiyle ilgili\u201d diye konu\u015ftu. Ayn\u0131 teknolojiyi kullanan bireyler aras\u0131nda bile ciddi farklar olu\u015ftu\u011funa dikkat \u00e7eken Prof. \u00d6zel, \u201cBaz\u0131 insanlar interneti sadece e\u011flence i\u00e7in kullan\u0131rken, baz\u0131lar\u0131 e\u011fitim, i\u015f f\u0131rsatlar\u0131 ya da toplumsal kat\u0131l\u0131m i\u00e7in kullanabiliyor. \u0130\u015fte as\u0131l e\u015fitsizlik burada ortaya \u00e7\u0131k\u0131yor. Yani herkes \u00e7evrim i\u00e7i olabilir ama herkes ayn\u0131 kazan\u0131m\u0131 elde etmiyor\u201d dedi.<\/p>\n<p>Do\u00e7. Dr. Mustafa Yal\u00e7\u0131n da, ara\u015ft\u0131rman\u0131n amac\u0131n\u0131 \u201c\u0130nternet kullan\u0131m oranlar\u0131n\u0131n y\u00fcksek olmas\u0131, dijital e\u015fitsizli\u011fin ortadan kalkt\u0131\u011f\u0131 anlam\u0131na gelmiyor. Bizim amac\u0131m\u0131z, \u00fcniversite \u00f6\u011frencilerinin dijital teknolojilerden elde ettikleri faydalar\u0131 art\u0131rmaya ve kar\u015f\u0131la\u015ft\u0131klar\u0131 riskleri azaltmaya y\u00f6nelik bilimsel bir temel ortaya koymak.\u201d s\u00f6zleriyle anlatt\u0131.<\/p>\n<p><a href=\"https:\/\/t24.com.tr\/bilim-teknoloji\/turkiyenin-ilk-dijital-esitsizlik-haritasi-cikariliyor-herkes-internette-kimse-esit-degil,1312864?_t=1777272375794\">Kaynak : https:\/\/t24.com.tr\/bilim-teknoloji\/turkiyenin-ilk-dijital-esitsizlik-haritasi-cikariliyor-herkes-internette-kimse-esit-degil,1312864?_t=1777272375794<\/a><\/p>\n","protected":false},"excerpt":{"rendered":"<p>T\u00fcrkiye\u2019de ilk kez \u201cDijital E\u015fitsizlik Is\u0131 Haritas\u0131\u201d haz\u0131rlan\u0131yor. T\u00dcB\u0130TAK destekli bilimsel projeyle, internete benzer d\u00fczeylerde eri\u015fimi olanlar aras\u0131nda bile, kimlerin dijital f\u0131rsatlardan ger\u00e7ek anlamda yararland\u0131\u011f\u0131, kimlerin ise geride kald\u0131\u011f\u0131 \u00e7arp\u0131c\u0131 bi\u00e7imde ortaya \u00e7\u0131kacak. Ara\u015ft\u0131rma, dijital e\u015fitsizli\u011fin g\u00f6r\u00fcnmeyen boyutlar\u0131n\u0131 ortaya \u00e7\u0131karacak. T\u00dcB\u0130TAK deste\u011fiyle y\u00fcr\u00fct\u00fclen dijital e\u015fitsizlik ara\u015ft\u0131rmas\u0131n\u0131n ilk kitab\u0131 yay\u0131mland\u0131. \u201cBirinci Dereceden \u00dc\u00e7\u00fcnc\u00fc Dereceye Dijital E\u015fitsizlik: [&hellip;]<\/p>\n","protected":false},"author":1,"featured_media":151,"comment_status":"open","ping_status":"open","sticky":false,"template":"","format":"standard","meta":{"footnotes":""},"categories":[1],"tags":[],"class_list":["post-149","post","type-post","status-publish","format-standard","has-post-thumbnail","hentry","category-uncategorized"],"_links":{"self":[{"href":"https:\/\/profaj.co\/dijital\/wp-json\/wp\/v2\/posts\/149","targetHints":{"allow":["GET"]}}],"collection":[{"href":"https:\/\/profaj.co\/dijital\/wp-json\/wp\/v2\/posts"}],"about":[{"href":"https:\/\/profaj.co\/dijital\/wp-json\/wp\/v2\/types\/post"}],"author":[{"embeddable":true,"href":"https:\/\/profaj.co\/dijital\/wp-json\/wp\/v2\/users\/1"}],"replies":[{"embeddable":true,"href":"https:\/\/profaj.co\/dijital\/wp-json\/wp\/v2\/comments?post=149"}],"version-history":[{"count":2,"href":"https:\/\/profaj.co\/dijital\/wp-json\/wp\/v2\/posts\/149\/revisions"}],"predecessor-version":[{"id":153,"href":"https:\/\/profaj.co\/dijital\/wp-json\/wp\/v2\/posts\/149\/revisions\/153"}],"wp:featuredmedia":[{"embeddable":true,"href":"https:\/\/profaj.co\/dijital\/wp-json\/wp\/v2\/media\/151"}],"wp:attachment":[{"href":"https:\/\/profaj.co\/dijital\/wp-json\/wp\/v2\/media?parent=149"}],"wp:term":[{"taxonomy":"category","embeddable":true,"href":"https:\/\/profaj.co\/dijital\/wp-json\/wp\/v2\/categories?post=149"},{"taxonomy":"post_tag","embeddable":true,"href":"https:\/\/profaj.co\/dijital\/wp-json\/wp\/v2\/tags?post=149"}],"curies":[{"name":"wp","href":"https:\/\/api.w.org\/{rel}","templated":true}]}}