{"id":154,"date":"2026-04-27T06:52:56","date_gmt":"2026-04-27T06:52:56","guid":{"rendered":"https:\/\/profaj.co\/dijital\/?p=154"},"modified":"2026-04-27T06:52:56","modified_gmt":"2026-04-27T06:52:56","slug":"turkiyenin-dijital-esitsizlik-haritasinin-ilk-ciktisi-yayimlandi","status":"publish","type":"post","link":"https:\/\/profaj.co\/dijital\/turkiyenin-dijital-esitsizlik-haritasinin-ilk-ciktisi-yayimlandi\/","title":{"rendered":"T\u00fcrkiye\u2019nin \u201cDijital E\u015fitsizlik\u201d Haritas\u0131n\u0131n \u0130lk \u00c7\u0131kt\u0131s\u0131 Yay\u0131mland\u0131"},"content":{"rendered":"<p><strong>\u0130zmir K\u00e2tip \u00c7elebi \u00dcniversitesi (\u0130K\u00c7\u00dc) SBBF Medya ve \u0130leti\u015fim B\u00f6l\u00fcm\u00fc \u00d6\u011fretim \u00dcyesi Prof. Dr. Elif Korap \u00d6zel\u2019in y\u00fcr\u00fctt\u00fc\u011f\u00fc T\u00dcB\u0130TAK destekli projenin ilk \u00e7\u0131kt\u0131s\u0131 kitap olarak yay\u0131mland\u0131.\u00a0<\/strong><strong>\u201cDijital E\u015fitsizlik\u201d ba\u015fl\u0131kl\u0131 kitab\u0131n \u00f6n s\u00f6z\u00fcn\u00fc ise d\u00fcnyaca \u00fcnl\u00fc bilim insan\u0131 ve Avrupa Komisyonu dan\u0131\u015fman\u0131 Prof. Dr. Jan van Dijk yazd\u0131<\/strong><\/p>\n<p>\u0130zmir K\u00e2tip \u00c7elebi \u00dcniversitesi y\u00fcr\u00fct\u00fcc\u00fcl\u00fc\u011f\u00fcnde, Ege \u00dcniversitesi ve \u0130zmir Demokrasi \u00dcniversitesi ortakl\u0131\u011f\u0131nda ger\u00e7ekle\u015ftirilen T\u00dcB\u0130TAK destekli projenin ilk \u00e7\u0131kt\u0131lar\u0131ndan olan kitap hakk\u0131nda bilgi veren Proje Y\u00fcr\u00fct\u00fcc\u00fcs\u00fc Prof. Dr. Elif Korap \u00d6zel, dijital e\u015fitsizli\u011fin sadece internet ya da cihaza eri\u015fim olarak d\u00fc\u015f\u00fcn\u00fclmemesi gerekti\u011fini vurgulad\u0131. Prof. Dr. Korap \u00d6zel, \u201cMesele bundan \u00e7ok daha derin. Birinci a\u015famada teknolojiye eri\u015fim, ikinci a\u015famada bu teknolojileri kullanabilme becerisi var. Ancak en kritik a\u015fama \u00fc\u00e7\u00fcnc\u00fc derece dijital e\u015fitsizlik. Bu da bireylerin dijital teknolojileri ne kadar faydaya d\u00f6n\u00fc\u015ft\u00fcrebildi\u011fiyle ilgili\u201d diye konu\u015ftu.<\/p>\n<p>G\u00fcn\u00fcm\u00fczde, dijital e\u015fitsizlik ba\u011flam\u0131nda ayn\u0131 teknolojiyi kullanan bireyler aras\u0131nda bile ciddi farklar olu\u015ftu\u011funa dikkat \u00e7eken Prof. Dr. Korap \u00d6zel, \u201cBaz\u0131 insanlar interneti sadece e\u011flence i\u00e7in kullan\u0131rken, baz\u0131lar\u0131 e\u011fitim, i\u015f f\u0131rsatlar\u0131 ya da toplumsal kat\u0131l\u0131m i\u00e7in kullanabiliyor. \u0130\u015fte as\u0131l e\u015fitsizlik burada ortaya \u00e7\u0131k\u0131yor. Yani herkes \u00e7evrim i\u00e7i olabilir ama herkes ayn\u0131 kazan\u0131m\u0131 elde etmiyor\u201d a\u00e7\u0131klamas\u0131nda bulundu.<\/p>\n<p><strong>T\u00fcrkiye\u2019nin dijital e\u015fitsizlik \u0131s\u0131 haritas\u0131 \u00e7\u0131kar\u0131l\u0131yor<\/strong><\/p>\n<p>\u201c\u00dcniversite \u00d6\u011frencileri Aras\u0131nda Dijital E\u015fitsizlik T\u00fcrleri ve D\u00fczeyinin Haritaland\u0131r\u0131lmas\u0131\u201d ba\u015fl\u0131kl\u0131 T\u00dcB\u0130TAK projesi kapsam\u0131nda T\u00fcrkiye\u2019nin farkl\u0131 b\u00f6lgelerinde y\u00fcr\u00fct\u00fclen saha ara\u015ft\u0131rmalar\u0131yla elde edilen veriler do\u011frultusunda bir dijital e\u015fitsizlik \u0131s\u0131 haritas\u0131 olu\u015fturulaca\u011f\u0131n\u0131 s\u00f6yleyen Prof. Dr. Korap \u00d6zel, \u201cBu \u00e7al\u0131\u015fma sayesinde T\u00fcrkiye\u2019de dijital e\u015fitsizli\u011fin nerede, hangi gruplar aras\u0131nda ve hangi alanlarda yo\u011funla\u015ft\u0131\u011f\u0131n\u0131 somut verilerle ortaya koyaca\u011f\u0131z. B\u00f6ylece hem akademik d\u00fcnyaya hem de politika yap\u0131c\u0131lara yol g\u00f6steren bir veri seti olu\u015fturmu\u015f olaca\u011f\u0131z\u201d dedi.<\/p>\n<p>Proje hakk\u0131nda bilgi veren proje ara\u015ft\u0131rmac\u0131lar\u0131ndan Do\u00e7. Dr. Mustafa Yal\u00e7\u0131n ise, \u201cBug\u00fcn internet kullan\u0131m oranlar\u0131n\u0131n y\u00fcksek olmas\u0131, dijital e\u015fitsizli\u011fin ortadan kalkt\u0131\u011f\u0131 anlam\u0131na gelmiyor. Bizim amac\u0131m\u0131z, \u00fcniversite \u00f6\u011frencilerinin dijital teknolojilerden elde ettikleri faydalar\u0131 art\u0131rmaya ve kar\u015f\u0131la\u015ft\u0131klar\u0131 riskleri azaltmaya y\u00f6nelik bilimsel bir temel ortaya koymak\u201d dedi.<\/p>\n<p>Projenin y\u00fcr\u00fct\u00fcc\u00fcl\u00fc\u011f\u00fcn\u00fc \u0130zmir K\u00e2tip \u00c7elebi \u00dcniversitesi \u00fcstlenirken, ara\u015ft\u0131rma ekibinde Prof. Dr. \u015eadiye Deniz, Do\u00e7. Dr. Mustafa Yal\u00e7\u0131n ve Do\u00e7. Dr. Beng\u00fcl Kavlak yer al\u0131yor. Projenin yard\u0131mc\u0131 ara\u015ft\u0131rmac\u0131l\u0131\u011f\u0131n\u0131 ise \u0130smail Erol, Rabia \u015eim\u015fek, G\u00fcl\u015fah G\u00f6n\u00fcl\u015fen, Zeynep \u00d6zel, G\u00f6rkem \u00d6z\u00e7\u0131nar, \u00c7\u0131nar Tosun\u2019dan olu\u015fan bir ara\u015ft\u0131rma ekibi yap\u0131yor.<\/p>\n<p>Projenin ilk \u00e7\u0131kt\u0131lar\u0131ndan olan \u201cDijital E\u015fitsizlik\u201d adl\u0131 kitaba, hem bas\u0131l\u0131 hem online olarak kitap\u00e7\u0131lar ve dijital platformlardan ula\u015f\u0131labilecek.<\/p>\n<p><a href=\"https:\/\/haberajansi.ikcu.edu.tr\/2026\/04\/turkiyenin-dijital-esitsizlik-haritasinin-ilk-ciktisi-yayimlandi\/\">Kaynak : https:\/\/haberajansi.ikcu.edu.tr\/2026\/04\/turkiyenin-dijital-esitsizlik-haritasinin-ilk-ciktisi-yayimlandi\/<\/a><\/p>\n","protected":false},"excerpt":{"rendered":"<p>\u0130zmir K\u00e2tip \u00c7elebi \u00dcniversitesi (\u0130K\u00c7\u00dc) SBBF Medya ve \u0130leti\u015fim B\u00f6l\u00fcm\u00fc \u00d6\u011fretim \u00dcyesi Prof. Dr. Elif Korap \u00d6zel\u2019in y\u00fcr\u00fctt\u00fc\u011f\u00fc T\u00dcB\u0130TAK destekli projenin ilk \u00e7\u0131kt\u0131s\u0131 kitap olarak yay\u0131mland\u0131.\u00a0\u201cDijital E\u015fitsizlik\u201d ba\u015fl\u0131kl\u0131 kitab\u0131n \u00f6n s\u00f6z\u00fcn\u00fc ise d\u00fcnyaca \u00fcnl\u00fc bilim insan\u0131 ve Avrupa Komisyonu dan\u0131\u015fman\u0131 Prof. Dr. Jan van Dijk yazd\u0131 \u0130zmir K\u00e2tip \u00c7elebi \u00dcniversitesi y\u00fcr\u00fct\u00fcc\u00fcl\u00fc\u011f\u00fcnde, Ege \u00dcniversitesi ve \u0130zmir [&hellip;]<\/p>\n","protected":false},"author":1,"featured_media":155,"comment_status":"open","ping_status":"open","sticky":false,"template":"","format":"standard","meta":{"footnotes":""},"categories":[1],"tags":[],"class_list":["post-154","post","type-post","status-publish","format-standard","has-post-thumbnail","hentry","category-uncategorized"],"_links":{"self":[{"href":"https:\/\/profaj.co\/dijital\/wp-json\/wp\/v2\/posts\/154","targetHints":{"allow":["GET"]}}],"collection":[{"href":"https:\/\/profaj.co\/dijital\/wp-json\/wp\/v2\/posts"}],"about":[{"href":"https:\/\/profaj.co\/dijital\/wp-json\/wp\/v2\/types\/post"}],"author":[{"embeddable":true,"href":"https:\/\/profaj.co\/dijital\/wp-json\/wp\/v2\/users\/1"}],"replies":[{"embeddable":true,"href":"https:\/\/profaj.co\/dijital\/wp-json\/wp\/v2\/comments?post=154"}],"version-history":[{"count":1,"href":"https:\/\/profaj.co\/dijital\/wp-json\/wp\/v2\/posts\/154\/revisions"}],"predecessor-version":[{"id":156,"href":"https:\/\/profaj.co\/dijital\/wp-json\/wp\/v2\/posts\/154\/revisions\/156"}],"wp:featuredmedia":[{"embeddable":true,"href":"https:\/\/profaj.co\/dijital\/wp-json\/wp\/v2\/media\/155"}],"wp:attachment":[{"href":"https:\/\/profaj.co\/dijital\/wp-json\/wp\/v2\/media?parent=154"}],"wp:term":[{"taxonomy":"category","embeddable":true,"href":"https:\/\/profaj.co\/dijital\/wp-json\/wp\/v2\/categories?post=154"},{"taxonomy":"post_tag","embeddable":true,"href":"https:\/\/profaj.co\/dijital\/wp-json\/wp\/v2\/tags?post=154"}],"curies":[{"name":"wp","href":"https:\/\/api.w.org\/{rel}","templated":true}]}}