{"id":157,"date":"2026-04-27T06:54:16","date_gmt":"2026-04-27T06:54:16","guid":{"rendered":"https:\/\/profaj.co\/dijital\/?p=157"},"modified":"2026-04-27T06:54:16","modified_gmt":"2026-04-27T06:54:16","slug":"medya-ve-iletisim-bolumu-tubitak-projesi-ile-universite-ogrencileri-arasindaki-dijital-esitsizligi-haritalayacak","status":"publish","type":"post","link":"https:\/\/profaj.co\/dijital\/medya-ve-iletisim-bolumu-tubitak-projesi-ile-universite-ogrencileri-arasindaki-dijital-esitsizligi-haritalayacak\/","title":{"rendered":"Medya ve \u0130leti\u015fim B\u00f6l\u00fcm\u00fc T\u00dcB\u0130TAK Projesi ile \u00dcniversite \u00d6\u011frencileri Aras\u0131ndaki Dijital E\u015fitsizli\u011fi Haritalayacak"},"content":{"rendered":"<p><strong>\u0130zmir K\u00e2tip \u00c7elebi \u00dcniversitesi (\u0130K\u00c7\u00dc) y\u00fcr\u00fct\u00fcc\u00fcl\u00fc\u011f\u00fcndeki T\u00dcB\u0130TAK destekli bilimsel ara\u015ft\u0131rma projesi kapsam\u0131nda, \u00fcniversite \u00f6\u011frencilerinin dijital d\u00fcnyadaki f\u0131rsat e\u015fitsizlikleri mercek alt\u0131na al\u0131nacak<\/strong><\/p>\n<p>\u0130K\u00c7\u00dc Sosyal ve Be\u015feri Bilimler Fak\u00fcltesi Medya ve \u0130leti\u015fim B\u00f6l\u00fcm\u00fc \u00d6\u011fretim \u00dcyesi Prof. Dr. Elif Korap \u00d6zel\u2019in y\u00fcr\u00fct\u00fcc\u00fcl\u00fc\u011f\u00fcn\u00fc \u00fcstlendi\u011fi \u201c\u00dcniversite \u00d6\u011frencileri Aras\u0131nda Dijital E\u015fitsizlik T\u00fcrleri ve D\u00fczeyinin Haritaland\u0131r\u0131lmas\u0131: T\u00fcrkiye\u2019de \u00dc\u00e7\u00fcnc\u00fc Derece Dijital E\u015fitsizlik \u00dczerine Bir Saha Ara\u015ft\u0131rmas\u0131\u201d ba\u015fl\u0131kl\u0131 proje, T\u00dcB\u0130TAK 3005 \u2013 Sosyal ve Be\u015feri Bilimlerde Yenilik\u00e7i \u00c7\u00f6z\u00fcmler Program\u0131 kapsam\u0131nda destek almaya hak kazand\u0131.<\/p>\n<p>T\u00fcrkiye\u2019deki \u00fcniversite \u00f6\u011frencileri aras\u0131nda dijital e\u015fitsizli\u011fin en yeni ve karma\u015f\u0131k boyutu olan \u00fc\u00e7\u00fcnc\u00fc derece dijital e\u015fitsizli\u011fin incelenece\u011fi projenin dan\u0131\u015fmanl\u0131\u011f\u0131n\u0131 dijital e\u015fitsizlik, dijital kat\u0131l\u0131m ve a\u011f toplumu gibi konularda d\u00fcnyaca tan\u0131nan, Avrupa Komisyonu dan\u0131\u015fman\u0131, bilim insan\u0131 Jan A.G.M. van Dijk yapacak.<\/p>\n<p>Projenin ara\u015ft\u0131rma ekibinde ise Ege \u00dcniversitesi \u0130leti\u015fim Fak\u00fcltesi \u00f6\u011fretim \u00fcyeleri Prof. Dr. \u015eadiye Deniz ve Prof. Dr. Nahit K\u00f6ker ile \u0130K\u00c7\u00dc SBBF Medya ve \u0130leti\u015fim B\u00f6l\u00fcm\u00fc \u00d6\u011fretim \u00dcyesi Do\u00e7. Dr. Mustafa Yal\u00e7\u0131n ve Demokrasi \u00dcniversitesi Hukuk Fak\u00fcltesi Dr. \u00d6\u011fr. \u00dcyesi Beng\u00fcl Kavlak yer al\u0131yor. Ayr\u0131ca, \u0130K\u00c7\u00dc SBBF Medya ve \u0130leti\u015fim B\u00f6l\u00fcm\u00fc\u2019nden Ar\u015f. G\u00f6r. Rabia \u015eim\u015fek ve Ar\u015f. G\u00f6r. \u0130smail Erol ile Medya ve \u0130leti\u015fim B\u00f6l\u00fcm\u00fc doktora \u00f6\u011frencileri Mehmet \u015eakir Sara\u00e7 ve G\u00fcl\u015fah G\u00f6n\u00fcl\u015fen, Medya ve \u0130leti\u015fim B\u00f6l\u00fcm\u00fc lisans \u00f6\u011frencisi G\u00f6rkem Batuhan \u00d6z\u00e7\u0131nar, Robert Koleji \u00f6\u011frencisi Ege \u00c7\u0131nar Tosun da projede yard\u0131mc\u0131 ara\u015ft\u0131rmac\u0131 olarak g\u00f6rev yapacak.<\/p>\n<p>T\u00fcrkiye\u2019de ilk kez \u00fc\u00e7\u00fcnc\u00fc derece dijital e\u015fitsizlik \u0131s\u0131 haritas\u0131n\u0131n olu\u015fturulaca\u011f\u0131 T\u00dcB\u0130TAK destekli ara\u015ft\u0131rma ile \u00fcniversite \u00f6\u011frencilerinin dijital d\u00fcnyadaki f\u0131rsat e\u015fitsizlikleri mercek alt\u0131na al\u0131nacak. Sadece geli\u015fmekte olan \u00fclkelerde de\u011fil, geli\u015fmi\u015f \u00fclkelerde de acil \u00f6nlem al\u0131nmas\u0131 gereken bir sorun olarak g\u00f6r\u00fclen dijital e\u015fitsizli\u011fe ili\u015fkin \u0130statistiki B\u00f6lge Birimleri S\u0131n\u0131flamas\u0131\u2019na (\u0130BBS) g\u00f6re belirlenen 12 farkl\u0131 b\u00f6lgedeki \u00fcniversitelerde ger\u00e7ekle\u015ftirilecek saha \u00e7al\u0131\u015fmas\u0131, \u00fc\u00e7 a\u015famal\u0131 ara\u015ft\u0131rma dizisi ile \u00f6\u011frencilere y\u00f6nelik kapsaml\u0131 bir analiz sunacak.<\/p>\n<p>Birle\u015fmi\u015f Milletler ve Avrupa Birli\u011fi\u2019nin sosyal politika g\u00fcndeminde \u00f6ncelikli konular aras\u0131nda yer alan dijital e\u015fitsizlik alan\u0131nda toplanan verilerle, e\u015fitsizli\u011fin boyutlar\u0131n\u0131n ve sebeplerinin ortaya konulmas\u0131n\u0131 ve \u00e7\u00f6z\u00fcm \u00f6nerilerine \u0131\u015f\u0131k tutmay\u0131 ama\u00e7layan proje, T\u00fcrkiye\u2019nin dijitalle\u015fme politikas\u0131 konusunda geli\u015ftirilecek kamu politikalar\u0131na da bilimsel veri sa\u011flayacak.<\/p>\n<p><a href=\"https:\/\/medyailetisim.ikcu.edu.tr\/Haber\/17944\/medya-ve-iletisim-bolumu-tubitak-projesi-ile-universite-ogrencileri-arasindaki-dijital-esitsizligi-haritalayacak\">Kaynak : https:\/\/medyailetisim.ikcu.edu.tr\/Haber\/17944\/medya-ve-iletisim-bolumu-tubitak-projesi-ile-universite-ogrencileri-arasindaki-dijital-esitsizligi-haritalayacak<\/a><\/p>\n","protected":false},"excerpt":{"rendered":"<p>\u0130zmir K\u00e2tip \u00c7elebi \u00dcniversitesi (\u0130K\u00c7\u00dc) y\u00fcr\u00fct\u00fcc\u00fcl\u00fc\u011f\u00fcndeki T\u00dcB\u0130TAK destekli bilimsel ara\u015ft\u0131rma projesi kapsam\u0131nda, \u00fcniversite \u00f6\u011frencilerinin dijital d\u00fcnyadaki f\u0131rsat e\u015fitsizlikleri mercek alt\u0131na al\u0131nacak \u0130K\u00c7\u00dc Sosyal ve Be\u015feri Bilimler Fak\u00fcltesi Medya ve \u0130leti\u015fim B\u00f6l\u00fcm\u00fc \u00d6\u011fretim \u00dcyesi Prof. Dr. Elif Korap \u00d6zel\u2019in y\u00fcr\u00fct\u00fcc\u00fcl\u00fc\u011f\u00fcn\u00fc \u00fcstlendi\u011fi \u201c\u00dcniversite \u00d6\u011frencileri Aras\u0131nda Dijital E\u015fitsizlik T\u00fcrleri ve D\u00fczeyinin Haritaland\u0131r\u0131lmas\u0131: T\u00fcrkiye\u2019de \u00dc\u00e7\u00fcnc\u00fc Derece Dijital E\u015fitsizlik \u00dczerine [&hellip;]<\/p>\n","protected":false},"author":1,"featured_media":158,"comment_status":"open","ping_status":"open","sticky":false,"template":"","format":"standard","meta":{"footnotes":""},"categories":[1],"tags":[],"class_list":["post-157","post","type-post","status-publish","format-standard","has-post-thumbnail","hentry","category-uncategorized"],"_links":{"self":[{"href":"https:\/\/profaj.co\/dijital\/wp-json\/wp\/v2\/posts\/157","targetHints":{"allow":["GET"]}}],"collection":[{"href":"https:\/\/profaj.co\/dijital\/wp-json\/wp\/v2\/posts"}],"about":[{"href":"https:\/\/profaj.co\/dijital\/wp-json\/wp\/v2\/types\/post"}],"author":[{"embeddable":true,"href":"https:\/\/profaj.co\/dijital\/wp-json\/wp\/v2\/users\/1"}],"replies":[{"embeddable":true,"href":"https:\/\/profaj.co\/dijital\/wp-json\/wp\/v2\/comments?post=157"}],"version-history":[{"count":1,"href":"https:\/\/profaj.co\/dijital\/wp-json\/wp\/v2\/posts\/157\/revisions"}],"predecessor-version":[{"id":159,"href":"https:\/\/profaj.co\/dijital\/wp-json\/wp\/v2\/posts\/157\/revisions\/159"}],"wp:featuredmedia":[{"embeddable":true,"href":"https:\/\/profaj.co\/dijital\/wp-json\/wp\/v2\/media\/158"}],"wp:attachment":[{"href":"https:\/\/profaj.co\/dijital\/wp-json\/wp\/v2\/media?parent=157"}],"wp:term":[{"taxonomy":"category","embeddable":true,"href":"https:\/\/profaj.co\/dijital\/wp-json\/wp\/v2\/categories?post=157"},{"taxonomy":"post_tag","embeddable":true,"href":"https:\/\/profaj.co\/dijital\/wp-json\/wp\/v2\/tags?post=157"}],"curies":[{"name":"wp","href":"https:\/\/api.w.org\/{rel}","templated":true}]}}