{"id":160,"date":"2026-04-27T06:56:35","date_gmt":"2026-04-27T06:56:35","guid":{"rendered":"https:\/\/profaj.co\/dijital\/?p=160"},"modified":"2026-04-27T06:56:53","modified_gmt":"2026-04-27T06:56:53","slug":"ikcunun-7-projesine-tubitaktan-destek","status":"publish","type":"post","link":"https:\/\/profaj.co\/dijital\/ikcunun-7-projesine-tubitaktan-destek\/","title":{"rendered":"\u0130K\u00c7\u00dc\u2019n\u00fcn 7 Projesine T\u00dcB\u0130TAK\u2019tan Destek"},"content":{"rendered":"<p>\u0130zmir K\u00e2tip \u00c7elebi \u00dcniversitesi (\u0130K\u00c7\u00dc) Ak\u0131ll\u0131 Fabrika Sistemleri Uygulama ve Ara\u015ft\u0131rma Merkezi M\u00fcd\u00fcr Yard\u0131mc\u0131s\u0131 ve M\u00fchendislik ve Mimarl\u0131k Fak\u00fcltesi Elektrik- Elektronik M\u00fchendisli\u011fi B\u00f6l\u00fcm\u00fc Dr. \u00d6\u011fr. \u00dcyesi Kamil \u00c7etin\u2019in projesi, \u00fcniversitelerdeki kamu bilgi birikimi ve teknolojinin, \u00fcr\u00fcne d\u00f6n\u00fc\u015ft\u00fcr\u00fclerek sanayiye aktar\u0131lmas\u0131 yoluyla ticarile\u015ftirilmesine katk\u0131 sa\u011flamas\u0131n\u0131 ama\u00e7layan T\u00dcB\u0130TAK 1505- \u00dcniversite-Sanayi \u0130\u015fbirli\u011fi program\u0131 kapsam\u0131nda kabul g\u00f6rd\u00fc. Dr. \u00d6\u011fr. \u00dcyesi Kamil \u00c7etin\u2019in y\u00fcr\u00fct\u00fcc\u00fcs\u00fc oldu\u011fu \u201cYapay Zeka Destekli Kamera ve Robot Kolu Kullanarak Fren Balatas\u0131 Metal Saclar\u0131n\u0131n Otomatik Boyut Tespiti ve Caflama Makinas\u0131na Yerle\u015ftirilmesi\u201d konulu projenin ara\u015ft\u0131rmac\u0131lar\u0131 Do\u00e7. Dr. Volkan K\u0131l\u0131\u00e7 ile Dr. \u00d6\u011fr. \u00dcyesi Fatih Cemal Can, M\u00fc\u015fteri Sanayi Kurulu\u015fu ise Eren Balatac\u0131l\u0131k Sanayi ve Ticaret Anonim \u015eirketi oldu.<\/p>\n<p>\u0130zmir K\u00e2tip \u00c7elebi \u00dcniversitesi (\u0130K\u00c7\u00dc) Eczac\u0131l\u0131k Fak\u00fcltesi Eczac\u0131l\u0131k Meslek Bilimleri B\u00f6l\u00fcm\u00fc \u00d6\u011fr. \u00dcyesi Do\u00e7. Dr. H\u00fcseyin \u0130stanbullu\u2019nun projesi, yeni bilgiler \u00fcretilmesi, bilimsel yorumlar\u0131n yap\u0131lmas\u0131 veya teknolojik problemlerin \u00e7\u00f6z\u00fcmlenmesi i\u00e7in bilimsel esaslara uygun olan projeleri desteklemeyi i\u00e7eren T\u00dcB\u0130TAK 1001- Bilimsel ve Teknolojik Ara\u015ft\u0131rma Projeleri Destekleme Program\u0131 kapsam\u0131nda kabul g\u00f6rd\u00fc. Do\u00e7. Dr. H\u00fcseyin \u0130stanbullu\u2019nun y\u00fcr\u00fct\u00fcc\u00fcs\u00fc oldu\u011fu \u201cDNA GirazB Inhib\u00fct\u00f6r\u00fc Antibakteriyel Ajanlar Olarak Yeni Tiyazolopirimidin- Pirolamid T\u00fcrevlerinin Sentezi ve Biyolojik Aktivitelerinin De\u011ferlendirilmesi\u201d ba\u015fl\u0131kl\u0131 projenin ara\u015ft\u0131rmac\u0131lar\u0131 Do\u00e7. Dr. Fadime Ayd\u0131n K\u00f6se ile Dr. \u00d6\u011fr. \u00dcyesi Yama\u00e7 Tekinta\u015f, dan\u0131\u015fmanlar\u0131 ise Do\u00e7. Dr. \u0130smail \u00d6zt\u00fcrk ile Do\u00e7. Dr. Muhammed \u00dc\u00e7\u00fcnc\u00fc oldu.<\/p>\n<p>\u0130zmir K\u00e2tip \u00c7elebi \u00dcniversitesi (\u0130K\u00c7\u00dc) M\u00fchendislik ve Mimarl\u0131k Fak\u00fcltesi Metalurji ve Malzeme M\u00fchendisli\u011fi B\u00f6l\u00fcm\u00fc Ar\u015f. G\u00f6r. Dr. Metehan Atag\u00fcr\u2019\u00fcn projesi, \u00fcniversitelerdeki kamu bilgi birikimi ve teknolojinin, \u00fcr\u00fcne d\u00f6n\u00fc\u015ft\u00fcr\u00fclerek sanayiye aktar\u0131lmas\u0131 yoluyla ticarile\u015ftirilmesine katk\u0131 sa\u011flamas\u0131n\u0131 ama\u00e7layan T\u00dcB\u0130TAK 1505- \u00dcniversite-Sanayi \u0130\u015fbirli\u011fi program\u0131 kapsam\u0131nda kabul g\u00f6rd\u00fc. Ar\u015f. G\u00f6r. Dr. Metehan Atag\u00fcr\u2019\u00fcn y\u00fcr\u00fct\u00fcc\u00fcs\u00fc oldu\u011fu \u201cKimyasal Oksit D\u00f6n\u00fc\u015f\u00fcm\u00fc ve Karbotermal \u0130ndirgeme Y\u00f6ntemi ile Elektrokaplama At\u0131k \u00c7amurlar\u0131ndan Saf \u00c7inko \u00dcretimi\u201d ba\u015fl\u0131kl\u0131 projenin ara\u015ft\u0131rmac\u0131s\u0131 Dokuz Eyl\u00fcl \u00dcniversitesi\u2019nden Dr. \u00d6\u011fr \u00dcyesi Kadir Cihan Tekin, proje yard\u0131mc\u0131 personelleri ise Uysal Makine San. \u0130th. \u0130hr. ve Tic. A\u015f.\u2019nden H\u00fcseyin Azar, Etkin Can, Nedim Uzgur, Yaren \u00d6zalpa\u015fan, Yasemin Kire\u00e7\u00e7i oldu.<\/p>\n<p>\u0130zmir K\u00e2tip \u00c7elebi \u00dcniversitesi (\u0130K\u00c7\u00dc) Sosyal ve Be\u015feri Bilimler Fak\u00fcltesi Medya ve \u0130leti\u015fim B\u00f6l\u00fcm\u00fc \u00d6\u011fr. \u00dcyesi Prof. Dr. Elif Korap \u00d6zel\u2019in projesi, \u00e7\u0131kt\u0131 ve etki odakl\u0131 sosyal ve be\u015feri bilim ara\u015ft\u0131rma ve geli\u015ftirme faaliyetlerinin desteklenerek \u00fclkemizde toplumsal ve kamusal fayda sa\u011flamay\u0131 ama\u00e7layan T\u00dcB\u0130TAK 3005- Sosyal ve Be\u015feri Bilimlerde Yenilik\u00e7i \u00c7\u00f6z\u00fcmler Program\u0131 kapsam\u0131nda kabul g\u00f6rd\u00fc. Prof. Dr. Elif Korap \u00d6zel\u2019in y\u00fcr\u00fct\u00fcc\u00fcs\u00fc oldu\u011fu, \u201c\u00dcniversite \u00d6\u011frencileri Aras\u0131nda Dijital E\u015fitsizlik T\u00fcrleri ve D\u00fczeyinin Haritaland\u0131r\u0131lmas\u0131: T\u00fcrkiye\u2019de \u00dc\u00e7\u00fcnc\u00fc Derece Dijital E\u015fitsizlik \u00dczerine Bir Saha Ara\u015ft\u0131rmas\u0131\u201d ba\u015fl\u0131kl\u0131 projenin ara\u015ft\u0131rmac\u0131lar\u0131 Do\u00e7. Dr. Mustafa Yal\u00e7\u0131n, Ege \u00dcniversitesi\u2019nden Prof. Dr. \u015eadiye Deniz, \u0130zmir Demokrasi \u00dcniversitesi\u2019nden Dr. Beng\u00fcl Kavlak oldu. Projenin dan\u0131\u015fmanlar\u0131 ise Universiteit Twente\u2019den Prof. Dr. Jan van Dijk ile Ege \u00dcniversitesi\u2019nden Prof. Dr. Nahit Erdem K\u00f6ker oldu.<\/p>\n<p>\u0130zmir K\u00e2tip \u00c7elebi \u00dcniversitesi M\u00fchendislik ve Mimarl\u0131k Fak\u00fcltesi M\u00fchendislik Bilimleri B\u00f6l\u00fcm\u00fc \u00d6\u011fr. \u00dcyesi Do\u00e7. Dr. Ahmet Ayka\u00e7\u2019\u0131n \u201cOrganik At\u0131k Malzemelerden Elde Edilen Karbon Kuantum Noktalar\u0131n\u0131n Sentezi, Karakterizasyonu Ve Uv-Vis Spektroskopisi ile Serotonin Tayininde Kullan\u0131m\u0131\u201d ba\u015fl\u0131kl\u0131 projesi do\u011fa veya insan kaynakl\u0131 olaylar\u0131n hemen sonras\u0131nda ortaya \u00e7\u0131kan verinin temini a\u00e7\u0131s\u0131ndan aciliyet i\u00e7eren ara\u015ft\u0131rma projelerini desteklemeyi ama\u00e7layan T\u00dcB\u0130TAK-1002-B H\u0131zl\u0131 Destek Program\u0131 (Acil Destek Mod\u00fcl\u00fc) kapsam\u0131nda kabul g\u00f6rd\u00fc.<\/p>\n<p>\u0130zmir K\u00e2tip \u00c7elebi \u00dcniversitesi T\u0131p Fak\u00fcltesi Ar\u015f. G\u00f6r. Burcu \u00c7er\u00e7i Alka\u00e7\u2019\u0131n projesi do\u011fa veya insan kaynakl\u0131 olaylar\u0131n hemen sonras\u0131nda ortaya \u00e7\u0131kan verinin temini a\u00e7\u0131s\u0131ndan aciliyet i\u00e7eren ara\u015ft\u0131rma projelerini desteklemeyi ama\u00e7layan T\u00dcB\u0130TAK-1002-B H\u0131zl\u0131 Destek Program\u0131 (Acil Destek Mod\u00fcl\u00fc) kapsam\u0131nda kabul g\u00f6rd\u00fc. Y\u00fcr\u00fct\u00fcc\u00fcs\u00fcn\u00fcn Ar\u015f. G\u00f6r. Dr. Burcu \u00c7er\u00e7i Alka\u00e7\u2019\u0131n oldu\u011fu \u201cAbemaciclibin Glioblastoma H\u00fccreleri \u00dczerindeki Apoptotik ve H\u00fccre D\u00f6ng\u00fcs\u00fc \u0130li\u015fkili Etkisinin Gen \u0130fade D\u00fczeyinde Belirlenmesi\u201d ba\u015fl\u0131kl\u0131 projenin ara\u015ft\u0131rmac\u0131lar\u0131 Prof. Dr. \u0130brahim Pirim, Prof. Dr. T\u00fclay K\u0131l\u0131\u00e7aslan Ayna, Prof. Dr. Mustafa Soy\u00f6z, Do\u00e7. Dr. Melek Pehlivan oldu.<\/p>\n<p>\u0130zmir K\u00e2tip \u00c7elebi \u00dcniversitesi (\u0130K\u00c7\u00dc) T\u0131p Fak\u00fcltesi \u00d6\u011fr. \u00dcyesi Prof. Dr. \u0130brahim Pirim\u2019in \u201cNOCODE: T\u00fcrk Pop\u00fclasyonunda Kodlanmayan Genomunun Karakterizasyonu\u201d ba\u015fl\u0131kl\u0131 projesi, yurtd\u0131\u015f\u0131nda doktora derecesi gerektiren bir i\u015fte \u00e7al\u0131\u015fan konuk\/akademik izinli bilim insanlar\u0131n\u0131n T\u00fcrkiye\u2019ye gelmeleri te\u015fvik edilerek ara\u015ft\u0131rma yapma, laboratuvarda \u00e7al\u0131\u015fma, \u00fcr\u00fcn geli\u015ftirme, konferans\/kongre d\u00fczenleme, ortak proje yazma ve her t\u00fcrl\u00fc akademik ve Ar-Ge faaliyetlerini ger\u00e7ekle\u015ftirmesini sa\u011flayan T\u00dcB\u0130TAK 2221- Konuk veya Akademik \u0130zinli (Sabbatical) Bilim \u0130nsan\u0131 Destekleme program\u0131 kapsam\u0131nda kabul g\u00f6rd\u00fc. Projenin konuk ara\u015ft\u0131rmac\u0131s\u0131 Oslo \u00dcniversitesi\u2019nden Prof. Dr. Simon Rayner oldu.<\/p>\n<p><a href=\"https:\/\/haberajansi.ikcu.edu.tr\/2025\/05\/ikcunun-7-projesine-tubitaktan-destek\/\">Kaynak : https:\/\/haberajansi.ikcu.edu.tr\/2025\/05\/ikcunun-7-projesine-tubitaktan-destek\/<\/a><\/p>\n","protected":false},"excerpt":{"rendered":"<p>\u0130zmir K\u00e2tip \u00c7elebi \u00dcniversitesi (\u0130K\u00c7\u00dc) Ak\u0131ll\u0131 Fabrika Sistemleri Uygulama ve Ara\u015ft\u0131rma Merkezi M\u00fcd\u00fcr Yard\u0131mc\u0131s\u0131 ve M\u00fchendislik ve Mimarl\u0131k Fak\u00fcltesi Elektrik- Elektronik M\u00fchendisli\u011fi B\u00f6l\u00fcm\u00fc Dr. \u00d6\u011fr. \u00dcyesi Kamil \u00c7etin\u2019in projesi, \u00fcniversitelerdeki kamu bilgi birikimi ve teknolojinin, \u00fcr\u00fcne d\u00f6n\u00fc\u015ft\u00fcr\u00fclerek sanayiye aktar\u0131lmas\u0131 yoluyla ticarile\u015ftirilmesine katk\u0131 sa\u011flamas\u0131n\u0131 ama\u00e7layan T\u00dcB\u0130TAK 1505- \u00dcniversite-Sanayi \u0130\u015fbirli\u011fi program\u0131 kapsam\u0131nda kabul g\u00f6rd\u00fc. Dr. \u00d6\u011fr. \u00dcyesi [&hellip;]<\/p>\n","protected":false},"author":1,"featured_media":161,"comment_status":"open","ping_status":"open","sticky":false,"template":"","format":"standard","meta":{"footnotes":""},"categories":[1],"tags":[],"class_list":["post-160","post","type-post","status-publish","format-standard","has-post-thumbnail","hentry","category-uncategorized"],"_links":{"self":[{"href":"https:\/\/profaj.co\/dijital\/wp-json\/wp\/v2\/posts\/160","targetHints":{"allow":["GET"]}}],"collection":[{"href":"https:\/\/profaj.co\/dijital\/wp-json\/wp\/v2\/posts"}],"about":[{"href":"https:\/\/profaj.co\/dijital\/wp-json\/wp\/v2\/types\/post"}],"author":[{"embeddable":true,"href":"https:\/\/profaj.co\/dijital\/wp-json\/wp\/v2\/users\/1"}],"replies":[{"embeddable":true,"href":"https:\/\/profaj.co\/dijital\/wp-json\/wp\/v2\/comments?post=160"}],"version-history":[{"count":2,"href":"https:\/\/profaj.co\/dijital\/wp-json\/wp\/v2\/posts\/160\/revisions"}],"predecessor-version":[{"id":163,"href":"https:\/\/profaj.co\/dijital\/wp-json\/wp\/v2\/posts\/160\/revisions\/163"}],"wp:featuredmedia":[{"embeddable":true,"href":"https:\/\/profaj.co\/dijital\/wp-json\/wp\/v2\/media\/161"}],"wp:attachment":[{"href":"https:\/\/profaj.co\/dijital\/wp-json\/wp\/v2\/media?parent=160"}],"wp:term":[{"taxonomy":"category","embeddable":true,"href":"https:\/\/profaj.co\/dijital\/wp-json\/wp\/v2\/categories?post=160"},{"taxonomy":"post_tag","embeddable":true,"href":"https:\/\/profaj.co\/dijital\/wp-json\/wp\/v2\/tags?post=160"}],"curies":[{"name":"wp","href":"https:\/\/api.w.org\/{rel}","templated":true}]}}