{"id":259,"date":"2026-08-19T12:53:37","date_gmt":"2026-08-19T12:53:37","guid":{"rendered":"https:\/\/profaj.co\/egebirlik\/?p=259"},"modified":"2026-08-19T12:59:20","modified_gmt":"2026-08-19T12:59:20","slug":"egede-4-mevsim-termal-konfor","status":"publish","type":"post","link":"https:\/\/profaj.co\/egebirlik\/egede-4-mevsim-termal-konfor\/","title":{"rendered":"Ege&#8217;de 4 Mevsim Termal Konfor"},"content":{"rendered":"<p data-path-to-node=\"10\">Ege B\u00f6lgesi denildi\u011finde akla ilk olarak yaz tatili, g\u00fcne\u015f ve deniz gelir. Peki, Ege&#8217;nin g\u00fczelliklerini ya\u015famak sadece yaz aylar\u0131yla m\u0131 s\u0131n\u0131rl\u0131 kalmal\u0131? Ege Birlik Yap\u0131 olarak bu ezberi bozuyor ve sizlere sadece yaz\u0131n de\u011fil, k\u0131\u015f\u0131n da s\u0131cak ve \u015fifal\u0131 bir ya\u015fam\u0131n kap\u0131lar\u0131n\u0131 aral\u0131yoruz.<\/p>\n<p data-path-to-node=\"11\"><b data-path-to-node=\"11\" data-index-in-node=\"0\">Termal Suyun Evinizdeki \u015eifas\u0131<\/b> Ku\u015fadas\u0131 b\u00f6lgesinin yeralt\u0131 zenginliklerinden biri olan termal sular, art\u0131k tatil k\u00f6ylerinin tekelinden \u00e7\u0131k\u0131p g\u00fcnl\u00fck ya\u015fam\u0131n\u0131z\u0131n bir par\u00e7as\u0131 haline geliyor. Yap\u0131m\u0131 s\u00fcren <b data-path-to-node=\"11\" data-index-in-node=\"201\">Ege Birlik D\u00f6rt Mevsim Termal Konaklar\u0131<\/b> projemiz ile do\u011fan\u0131n bize sundu\u011fu bu \u015fifay\u0131, l\u00fcks ve konforla birle\u015ftiriyoruz. Termal suyun dinlendirici ve yenileyici etkisiyle, evinizde adeta bir SPA merkezindeymi\u015f gibi hissedeceksiniz.<\/p>\n<p data-path-to-node=\"12\"><b data-path-to-node=\"12\" data-index-in-node=\"0\">Neden 4 Mevsim Ya\u015fam?<\/b> Yazl\u0131k evler genellikle y\u0131l\u0131n sadece birka\u00e7 ay\u0131 kullan\u0131l\u0131r ve y\u0131l\u0131n b\u00fcy\u00fck b\u00f6l\u00fcm\u00fcnde bo\u015f kal\u0131r. Ancak D\u00f6rt Mevsim Termal Konaklar\u0131 gibi bir projede ev sahibi oldu\u011funuzda;<\/p>\n<ul data-path-to-node=\"13\">\n<li>\n<p data-path-to-node=\"13,0,0\">Yaz\u0131n Ku\u015fadas\u0131&#8217;n\u0131n serinletici denizinin,<\/p>\n<\/li>\n<li>\n<p data-path-to-node=\"13,1,0\">K\u0131\u015f\u0131n ise evinizdeki s\u0131cac\u0131k termal suyun tad\u0131n\u0131 \u00e7\u0131kar\u0131rs\u0131n\u0131z.<\/p>\n<\/li>\n<\/ul>\n<p data-path-to-node=\"14\">Siz de tatili 12 aya yaymak, sa\u011fl\u0131\u011f\u0131n\u0131za yat\u0131r\u0131m yapmak ve l\u00fcks detaylarla donat\u0131lm\u0131\u015f bir evde ya\u015famak istiyorsan\u0131z, <b data-path-to-node=\"14\" data-index-in-node=\"117\">Ege Birlik D\u00f6rt Mevsim Termal Konaklar\u0131<\/b> projemizle tan\u0131\u015fmak i\u00e7in sat\u0131\u015f ofisimize davetlisiniz!<\/p>\n","protected":false},"excerpt":{"rendered":"<p>Ege B\u00f6lgesi denildi\u011finde akla ilk olarak yaz tatili, g\u00fcne\u015f ve deniz gelir. Peki, Ege&#8217;nin g\u00fczelliklerini ya\u015famak sadece yaz aylar\u0131yla m\u0131 s\u0131n\u0131rl\u0131 kalmal\u0131? Ege Birlik Yap\u0131 olarak bu ezberi bozuyor ve sizlere sadece yaz\u0131n de\u011fil, k\u0131\u015f\u0131n da s\u0131cak ve \u015fifal\u0131 bir ya\u015fam\u0131n kap\u0131lar\u0131n\u0131 aral\u0131yoruz. Termal Suyun Evinizdeki \u015eifas\u0131 Ku\u015fadas\u0131 b\u00f6lgesinin yeralt\u0131 zenginliklerinden biri olan termal sular, [&hellip;]<\/p>\n","protected":false},"author":1,"featured_media":264,"comment_status":"open","ping_status":"open","sticky":false,"template":"","format":"standard","meta":{"_acf_changed":false,"footnotes":""},"categories":[1],"tags":[],"class_list":["post-259","post","type-post","status-publish","format-standard","has-post-thumbnail","hentry","category-uncategorized"],"acf":[],"_links":{"self":[{"href":"https:\/\/profaj.co\/egebirlik\/wp-json\/wp\/v2\/posts\/259","targetHints":{"allow":["GET"]}}],"collection":[{"href":"https:\/\/profaj.co\/egebirlik\/wp-json\/wp\/v2\/posts"}],"about":[{"href":"https:\/\/profaj.co\/egebirlik\/wp-json\/wp\/v2\/types\/post"}],"author":[{"embeddable":true,"href":"https:\/\/profaj.co\/egebirlik\/wp-json\/wp\/v2\/users\/1"}],"replies":[{"embeddable":true,"href":"https:\/\/profaj.co\/egebirlik\/wp-json\/wp\/v2\/comments?post=259"}],"version-history":[{"count":1,"href":"https:\/\/profaj.co\/egebirlik\/wp-json\/wp\/v2\/posts\/259\/revisions"}],"predecessor-version":[{"id":260,"href":"https:\/\/profaj.co\/egebirlik\/wp-json\/wp\/v2\/posts\/259\/revisions\/260"}],"wp:featuredmedia":[{"embeddable":true,"href":"https:\/\/profaj.co\/egebirlik\/wp-json\/wp\/v2\/media\/264"}],"wp:attachment":[{"href":"https:\/\/profaj.co\/egebirlik\/wp-json\/wp\/v2\/media?parent=259"}],"wp:term":[{"taxonomy":"category","embeddable":true,"href":"https:\/\/profaj.co\/egebirlik\/wp-json\/wp\/v2\/categories?post=259"},{"taxonomy":"post_tag","embeddable":true,"href":"https:\/\/profaj.co\/egebirlik\/wp-json\/wp\/v2\/tags?post=259"}],"curies":[{"name":"wp","href":"https:\/\/api.w.org\/{rel}","templated":true}]}}