{"id":1,"date":"2026-04-20T10:10:05","date_gmt":"2026-04-20T10:10:05","guid":{"rendered":"https:\/\/profaj.co\/gurkayalar2\/?p=1"},"modified":"2026-05-13T11:48:17","modified_gmt":"2026-05-13T11:48:17","slug":"gurkayalar-temada-yasam-basladi","status":"publish","type":"post","link":"https:\/\/profaj.co\/gurkayalar2\/gurkayalar-temada-yasam-basladi\/","title":{"rendered":"G\u00fcrkayalar Tema&#8217;da Ya\u015fam Ba\u015flad\u0131"},"content":{"rendered":"\r\n<p class=\"wp-block-paragraph\">G\u00fcrkayalar \u0130n\u015faat imzas\u0131yla Menemen Koyundere&#8217;de hayata ge\u00e7irilen G\u00fcrkayalar Tema projesinde ya\u015fam ba\u015flad\u0131. Sat\u0131\u015flar\u0131n y\u00fczde 40 oran\u0131nda tamamland\u0131\u011f\u0131 projede 0,69 faiz oran\u0131yla konut kredisi imkan\u0131 sunuluyor.<\/p>\r\n<p>\u0130n\u015faat ve peyzaj \u00e7al\u0131\u015fmalar\u0131 tamamlanan, oturma ruhsat\u0131 alan G\u00fcrkayalar Tema sitesinde ya\u015fam ba\u015flad\u0131.\u00a0<\/p>\r\n<p>7 ve 8 katl\u0131 4 blok olarak in\u015fa edilen projede 91 konuta yer verildi. Tamam\u0131 3+1 dairelerden olu\u015fan proje geni\u015f ailelerin ya\u015fayabilece\u011fi \u015fekilde tasarland\u0131. Geni\u015f peyzaj alanlar\u0131 ve sosyal alanlara sahip projede y\u00fczme havuzu, otopark, a\u00e7\u0131k ve kapal\u0131 \u00e7ocuk oyun alan\u0131, g\u00fcvenlik ve spor salonu bulunuyor.<\/p>\r\n<p><strong>0,69 FA\u0130Z ORANINA UYGUN DA\u0130RELER<\/strong><\/p>\r\n<p>Projede y\u00fczde 40 sat\u0131\u015f oran\u0131na ula\u015ft\u0131klar\u0131n\u0131 belirten G\u00fcrkayalar \u0130n\u015faat y\u00f6netim kurulu \u00fcyesi F\u0131rat Kaya, hemen teslim daireleri 0,69 faiz oran\u0131yla sat\u0131\u015fa sunduklar\u0131n\u0131 s\u00f6yledi. Yeni evim konut kampanyas\u0131 kapsam\u0131nda kamu bankalar\u0131 ile anla\u015f\u0131p vatanda\u015flara esnek \u00f6demeli 0,69 oranl\u0131 konut kredisi kulland\u0131rabildiklerini ifade eden Kaya, &#8220;Ev sahibi olmak i\u00e7in \u00e7ok iyi bir f\u0131rsat. Bu taleple beraber ilerleyen d\u00f6nemlerde fiyatlar daha da artacakt\u0131r. Ev sahibi olmak isteyen vatanda\u015flar\u0131m\u0131z elini \u00e7abuk tutmal\u0131&#8221; dedi.<\/p>\r\n<p><strong>KUZEY AKSINDA YATIRIMLARIMIZA DEVAM EDECE\u011e\u0130Z<\/strong><\/p>\r\n<p>Koyundere&#8217;de ya\u015fam kalitesini y\u00fckseltecek bir proje kazand\u0131rd\u0131klar\u0131n\u0131 belirten Kaya, &#8220;B\u00f6lgenin en g\u00fczel projelerinden birini hayata ge\u00e7irdik. Hem Anadolu caddesine hem de \u00e7evreyoluna yak\u0131n olmas\u0131ndan dolay\u0131 \u0130zmir&#8217;in her noktas\u0131na kolayca ula\u015f\u0131m sa\u011flanabiliyor. Bu projemiz\u00a0\u00e7ok b\u00fcy\u00fck ilgi g\u00f6rd\u00fc. Bundan dolay\u0131 b\u00f6lgede yat\u0131r\u0131mlar\u0131m\u0131z\u0131 devam ettirme karar\u0131 ald\u0131k. 98 konuttan olu\u015fan G\u00fcrkayalar Konsept projemizin start\u0131n\u0131 verdik. \u0130ki blokta kaba in\u015faat\u0131m\u0131z\u0131 tamamlad\u0131k. \u0130zmir&#8217;in kuzey aks\u0131na fokusland\u0131k. Bu b\u00f6lgede bir\u00e7ok proje \u00fcretmeyi planl\u0131yoruz&#8221; dedi.<\/p>\r\n<p>Kaynak: <a href=\"https:\/\/www.insaatderyasi.com\/gurkayalar-temada-yasam-basladi-24168h.htm\" target=\"_blank\" rel=\"noopener\">G\u00fcrkayalar Tema&#8217;da Ya\u015fam Ba\u015flad\u0131<\/a><\/p>\r\n","protected":false},"excerpt":{"rendered":"<p>G\u00fcrkayalar \u0130n\u015faat imzas\u0131yla Menemen Koyundere&#8217;de hayata ge\u00e7irilen G\u00fcrkayalar Tema projesinde ya\u015fam ba\u015flad\u0131. Sat\u0131\u015flar\u0131n y\u00fczde 40 oran\u0131nda tamamland\u0131\u011f\u0131 projede 0,69 faiz oran\u0131yla konut kredisi imkan\u0131 sunuluyor. \u0130n\u015faat ve peyzaj \u00e7al\u0131\u015fmalar\u0131 tamamlanan, oturma ruhsat\u0131 alan G\u00fcrkayalar Tema sitesinde ya\u015fam ba\u015flad\u0131.\u00a0 7 ve 8 katl\u0131 4 blok olarak in\u015fa edilen projede 91 konuta yer verildi. Tamam\u0131 3+1 dairelerden [&hellip;]<\/p>\n","protected":false},"author":1,"featured_media":278,"comment_status":"open","ping_status":"open","sticky":false,"template":"","format":"standard","meta":{"_acf_changed":false,"footnotes":""},"categories":[1],"tags":[],"class_list":["post-1","post","type-post","status-publish","format-standard","has-post-thumbnail","hentry","category-uncategorized"],"acf":[],"_links":{"self":[{"href":"https:\/\/profaj.co\/gurkayalar2\/wp-json\/wp\/v2\/posts\/1","targetHints":{"allow":["GET"]}}],"collection":[{"href":"https:\/\/profaj.co\/gurkayalar2\/wp-json\/wp\/v2\/posts"}],"about":[{"href":"https:\/\/profaj.co\/gurkayalar2\/wp-json\/wp\/v2\/types\/post"}],"author":[{"embeddable":true,"href":"https:\/\/profaj.co\/gurkayalar2\/wp-json\/wp\/v2\/users\/1"}],"replies":[{"embeddable":true,"href":"https:\/\/profaj.co\/gurkayalar2\/wp-json\/wp\/v2\/comments?post=1"}],"version-history":[{"count":2,"href":"https:\/\/profaj.co\/gurkayalar2\/wp-json\/wp\/v2\/posts\/1\/revisions"}],"predecessor-version":[{"id":279,"href":"https:\/\/profaj.co\/gurkayalar2\/wp-json\/wp\/v2\/posts\/1\/revisions\/279"}],"wp:featuredmedia":[{"embeddable":true,"href":"https:\/\/profaj.co\/gurkayalar2\/wp-json\/wp\/v2\/media\/278"}],"wp:attachment":[{"href":"https:\/\/profaj.co\/gurkayalar2\/wp-json\/wp\/v2\/media?parent=1"}],"wp:term":[{"taxonomy":"category","embeddable":true,"href":"https:\/\/profaj.co\/gurkayalar2\/wp-json\/wp\/v2\/categories?post=1"},{"taxonomy":"post_tag","embeddable":true,"href":"https:\/\/profaj.co\/gurkayalar2\/wp-json\/wp\/v2\/tags?post=1"}],"curies":[{"name":"wp","href":"https:\/\/api.w.org\/{rel}","templated":true}]}}