{"id":280,"date":"2026-05-13T11:57:47","date_gmt":"2026-05-13T11:57:47","guid":{"rendered":"https:\/\/profaj.co\/gurkayalar2\/?p=280"},"modified":"2026-05-13T11:57:47","modified_gmt":"2026-05-13T11:57:47","slug":"gurkayalar-insaattan-yeni-proje-tema-bitti-konsept-basladi","status":"publish","type":"post","link":"https:\/\/profaj.co\/gurkayalar2\/gurkayalar-insaattan-yeni-proje-tema-bitti-konsept-basladi\/","title":{"rendered":"G\u00fcrkayalar \u0130n\u015faat\u2019tan Yeni Proje: Tema Bitti, Konsept Ba\u015flad\u0131"},"content":{"rendered":"<p>G\u00fcrkayalar Tema projesinin in\u015faat\u0131n\u0131 y\u00fczde 95 oran\u0131nda tamamlayan G\u00fcrkayalar \u0130n\u015faat, yan parselde yeni bir projeye ba\u015flad\u0131. 98 konuttan olu\u015fan G\u00fcrkayalar Konsept projesi kaba in\u015faat tamamland\u0131ktan sonra sat\u0131\u015fa \u00e7\u0131kacak.<\/p>\n<p>G\u00fcrkayalar \u0130n\u015faat taraf\u0131ndan Menemen Koyundere\u2019de hayata ge\u00e7irilen <strong>G\u00fcrkalayalar Konsept<\/strong> projesi 4.805 metrekarelik arsa \u00fczerinde y\u00fckseliyor. 8 katl\u0131 3 blok olarak y\u00fckselen projede in\u015faat \u00e7al\u0131\u015fmalar\u0131 kabada devam ediyor. Projenin 2023 sonunda tamamlanmas\u0131 hedefleniyor.<\/p>\n<p>Tamam\u0131 3+1 dairelerden olu\u015fan projede daireler 150 metrekare olarak tasarland\u0131.<\/p>\n<p>Hen\u00fcz sat\u0131\u015fa \u00e7\u0131kmayan projede, lansman sat\u0131\u015flar\u0131n\u0131n kaba in\u015faat tamamland\u0131ktan sonra ba\u015flamas\u0131 bekleniyor.<\/p>\n<p><strong>TEMA\u2019DA SATI\u015eLAR DEVAM ED\u0130YOR<\/strong><\/p>\n<p>G\u00fcrkayalar Konsept projesinin yan parselinde yer alan G\u00fcrkayalar Tema projesinde ise anahtar teslimleri k\u0131sa s\u00fcre i\u00e7erisinde ger\u00e7ekle\u015fecek. \u0130n\u015faat\u0131 y\u00fczde 95 oran\u0131nda tamamlanan projede peyzaj \u00e7al\u0131\u015fmalar\u0131 devam ediyor. 2 ay \u00f6nce sat\u0131\u015fa sunulan projenin y\u00fczde 30\u2019u sat\u0131ld\u0131.<\/p>\n<p><strong>MODERN M\u0130MAR\u0130, KONFORLU YA\u015eAM<\/strong><\/p>\n<p>Ailelerin konforlu bir ya\u015fam s\u00fcrebilecekleri projeler \u00fcrettiklerini belirten G\u00fcrkayalar \u0130n\u015faat y\u00f6netim kurulu \u00fcyesi, in\u015faat m\u00fchendisi <strong>F\u0131rat Kaya<\/strong>, \u201c\u0130zmir\u2019in kuzey aks\u0131 \u00e7ok h\u0131zl\u0131 geli\u015fiyor. Bundan dolay\u0131 bu b\u00f6lgede yat\u0131r\u0131m yapmay\u0131 tercih ediyoruz. Ula\u015f\u0131m imkanlar\u0131 iyi oldu\u011fu, Anadolu caddesi ve \u00e7evreyoluna yak\u0131n mesafede yer ald\u0131\u011f\u0131 i\u00e7in Koyundere\u2019yi tercih ettik. Modern bir mimari ile site projeleri yap\u0131yoruz. Projelerimizi geni\u015f aileleri d\u00fc\u015f\u00fcnerek tasarl\u0131yoruz. Dairelerimizin tamam\u0131n\u0131 3+1 olarak tasarlad\u0131k. Site i\u00e7erisinde geni\u015f sosyal alanlara yer verdik. \u0130nsanlar d\u0131\u015far\u0131 \u00e7\u0131kma ihtiyac\u0131 duymadan, tatil keyfini evinde ya\u015fayabilecek. Hem kazan\u00e7l\u0131 bir yat\u0131r\u0131m hem de konforlu bir ya\u015fam sunuyoruz\u201d dedi.<\/p>\n<p><strong>PROJEY\u0130 BELL\u0130 B\u0130R A\u015eAMAYA GET\u0130RD\u0130KTEN SONRA SATI\u015eA \u00c7IKIYORUZ<\/strong><\/p>\n<p>\u0130n\u015faat maliyetlerindeki art\u0131\u015flardan dolay\u0131 in\u015faat\u0131 belli bir a\u015famaya getirmeden sat\u0131\u015fa \u00e7\u0131kmad\u0131klar\u0131n\u0131 ifade eden Kaya, \u201cProjelerimizi kendi \u00f6z sermayemiz ile yap\u0131yoruz. \u0130n\u015faat belli bir seviyeye gelmeden sat\u0131\u015f yapm\u0131yoruz. \u00c7\u00fcnk\u00fc daireleri hangi fiyattan sataca\u011f\u0131m\u0131z\u0131 bilmiyoruz. Satt\u0131\u011f\u0131m\u0131z daireden zarar m\u0131 ettik, kar m\u0131 ettik bunu proje tamamlad\u0131ktan sonra g\u00f6rebiliyoruz. Bu y\u00fczden kaba in\u015faat\u0131 tamamlay\u0131p, sat\u0131n almalar\u0131m\u0131z\u0131 \u00f6nemli \u00f6l\u00e7\u00fcde bitirip maliyetimizi \u00f6ng\u00f6rd\u00fc\u011f\u00fcm\u00fczde sat\u0131\u015fa \u00e7\u0131kmaya karar verdik. Tema projemizde daire sat\u0131\u015flar\u0131m\u0131za 2 ay \u00f6nce ba\u015flad\u0131k. Konsept projesinde de \u00f6n\u00fcm\u00fczdeki y\u0131l sat\u0131\u015fa \u00e7\u0131kmay\u0131 planl\u0131yoruz\u201d dedi.<\/p>\n<p>Kaynak: <a href=\"https:\/\/www.insaatderyasi.com\/gurkayalar-insaattan-yeni-proje-tema-bitti-konsept-basladi-22877h.htm\" target=\"_blank\" rel=\"noopener\">G\u00fcrkayalar \u0130n\u015faat\u2019tan Yeni Proje: Tema Bitti, Konsept Ba\u015flad\u0131<\/a><\/p>\n<p>&nbsp;<\/p>\n","protected":false},"excerpt":{"rendered":"<p>G\u00fcrkayalar Tema projesinin in\u015faat\u0131n\u0131 y\u00fczde 95 oran\u0131nda tamamlayan G\u00fcrkayalar \u0130n\u015faat, yan parselde yeni bir projeye ba\u015flad\u0131. 98 konuttan olu\u015fan G\u00fcrkayalar Konsept projesi kaba in\u015faat tamamland\u0131ktan sonra sat\u0131\u015fa \u00e7\u0131kacak. G\u00fcrkayalar \u0130n\u015faat taraf\u0131ndan Menemen Koyundere\u2019de hayata ge\u00e7irilen G\u00fcrkalayalar Konsept projesi 4.805 metrekarelik arsa \u00fczerinde y\u00fckseliyor. 8 katl\u0131 3 blok olarak y\u00fckselen projede in\u015faat \u00e7al\u0131\u015fmalar\u0131 kabada devam ediyor. [&hellip;]<\/p>\n","protected":false},"author":1,"featured_media":281,"comment_status":"open","ping_status":"open","sticky":false,"template":"","format":"standard","meta":{"_acf_changed":false,"footnotes":""},"categories":[1],"tags":[],"class_list":["post-280","post","type-post","status-publish","format-standard","has-post-thumbnail","hentry","category-uncategorized"],"acf":[],"_links":{"self":[{"href":"https:\/\/profaj.co\/gurkayalar2\/wp-json\/wp\/v2\/posts\/280","targetHints":{"allow":["GET"]}}],"collection":[{"href":"https:\/\/profaj.co\/gurkayalar2\/wp-json\/wp\/v2\/posts"}],"about":[{"href":"https:\/\/profaj.co\/gurkayalar2\/wp-json\/wp\/v2\/types\/post"}],"author":[{"embeddable":true,"href":"https:\/\/profaj.co\/gurkayalar2\/wp-json\/wp\/v2\/users\/1"}],"replies":[{"embeddable":true,"href":"https:\/\/profaj.co\/gurkayalar2\/wp-json\/wp\/v2\/comments?post=280"}],"version-history":[{"count":1,"href":"https:\/\/profaj.co\/gurkayalar2\/wp-json\/wp\/v2\/posts\/280\/revisions"}],"predecessor-version":[{"id":282,"href":"https:\/\/profaj.co\/gurkayalar2\/wp-json\/wp\/v2\/posts\/280\/revisions\/282"}],"wp:featuredmedia":[{"embeddable":true,"href":"https:\/\/profaj.co\/gurkayalar2\/wp-json\/wp\/v2\/media\/281"}],"wp:attachment":[{"href":"https:\/\/profaj.co\/gurkayalar2\/wp-json\/wp\/v2\/media?parent=280"}],"wp:term":[{"taxonomy":"category","embeddable":true,"href":"https:\/\/profaj.co\/gurkayalar2\/wp-json\/wp\/v2\/categories?post=280"},{"taxonomy":"post_tag","embeddable":true,"href":"https:\/\/profaj.co\/gurkayalar2\/wp-json\/wp\/v2\/tags?post=280"}],"curies":[{"name":"wp","href":"https:\/\/api.w.org\/{rel}","templated":true}]}}