{"id":413,"date":"2026-05-14T06:35:32","date_gmt":"2026-05-14T06:35:32","guid":{"rendered":"https:\/\/profaj.co\/gurkayalar2\/?p=413"},"modified":"2026-06-01T08:57:23","modified_gmt":"2026-06-01T08:57:23","slug":"gurkayalar-konseptte-yasam-basladi","status":"publish","type":"post","link":"https:\/\/profaj.co\/gurkayalar2\/gurkayalar-konseptte-yasam-basladi\/","title":{"rendered":"G\u00fcrkayalar Konsept&#8217;te Ya\u015fam Ba\u015flad\u0131!"},"content":{"rendered":"<p>G\u00fcrkayalar \u0130n\u015faat taraf\u0131ndan Menemen&#8217;de hayata ge\u00e7irilen G\u00fcrkayalar Konsept projesinin in\u015faat\u0131 ve peyzaj \u00e7al\u0131\u015fmalar\u0131 tamamland\u0131 ve ya\u015fam ba\u015flad\u0131. 98 konuttan olu\u015fan projede hemen teslim dairelerin fiyatlar\u0131 5 milyon 800 bin TL&#8217;den ba\u015fl\u0131yor.<\/p>\n<p>G\u00fcrkayalar \u0130n\u015faat&#8217;\u0131n Menemen Koyundere&#8217;de 4.805 metrekare arsa \u00fczerinde hayata ge\u00e7irdi\u011fi 17.000 metrekare in\u015faat alan\u0131na sahip G\u00fcrkayalar Konsept projesinde ya\u015fam ba\u015flad\u0131.<\/p>\n<p>3 blokta 98 adet 3+1 daireden olu\u015fan projede daireler 150 metrekare olarak tasarland\u0131.<\/p>\n<p>Ta\u015f\u0131nmaya haz\u0131r daireler 5 milyon 800 bin TL&#8217;den ba\u015flayan fiyatlarla sat\u0131\u015fa sunuluyor.<\/p>\n<p><strong>KONFORLU A\u0130LE YA\u015eAMI D\u00dc\u015e\u00dcN\u00dcLEREK TASARLANDI\u00a0<\/strong><\/p>\n<p>Site i\u00e7erisinde ailelerin ve \u00e7ocuklar\u0131n keyifli zaman ge\u00e7irmesi i\u00e7in \u00f6zel bir peyzaj \u00e7al\u0131\u015fmas\u0131 yapt\u0131klar\u0131n\u0131 belirten G\u00fcrkayalar \u0130n\u015faat Y\u00f6netim Kurulu \u00dcyesi F\u0131rat Kaya, &#8220;Projemizin i\u00e7erisinde Ege iklimine uyum sa\u011flayan bitkilere yer verdik. Bina i\u00e7erisine girdi\u011finizde yemye\u015fil bir atmosfer ile kar\u015f\u0131la\u015f\u0131yorsunuz. Aileler \u00e7ocuklar\u0131yla birlikte hem havuzda hem de \u00e7ocuk oyun alan\u0131m\u0131zda keyifle vakit ge\u00e7irebilecek. Konsept projemizde ya\u015fam konforunu daha da ileriye ta\u015f\u0131d\u0131k. B\u00f6lgenin en de\u011ferli projelerinden birini il\u00e7emize kazand\u0131rd\u0131k&#8221; dedi.<\/p>\n<p><strong>YEN\u0130 PROJELER GEL\u0130YOR<\/strong><\/p>\n<p>Kar\u015f\u0131yaka&#8217;da butik bir projenin in\u015faat\u0131nda sona geldiklerini ve mart ay\u0131nda teslim edeceklerini belirten F\u0131rat Kaya, &#8220;\u00c7i\u011fli b\u00f6lgesinde 55 konuttan olu\u015fan yeni projemizin ruhsat\u0131n\u0131 ald\u0131k. Bu ay i\u00e7erisinde in\u015faata ba\u015flayaca\u011f\u0131z.\u00a0\u00c7i\u011fli ve Menemen&#8217;de proje geli\u015ftirme \u00e7al\u0131\u015fmalar\u0131m\u0131z devam ediyor. Bu y\u0131l i\u00e7erisinde yeni bir projeyi daha tan\u0131taca\u011f\u0131z. \u0130zmir&#8217;in kuzey aks\u0131nda yat\u0131r\u0131mlar\u0131m\u0131z devam edecek&#8221; dedi.<\/p>\n<p>Kaynak: <a href=\"https:\/\/www.insaatderyasi.com\/gurkayalar-konseptte-yasam-basladi-28311h.htm\" target=\"_blank\" rel=\"noopener\">G\u00fcrkayalar Konsept&#8217;te Ya\u015fam Ba\u015flad\u0131!<\/a><\/p>\n","protected":false},"excerpt":{"rendered":"<p>G\u00fcrkayalar \u0130n\u015faat taraf\u0131ndan Menemen&#8217;de hayata ge\u00e7irilen G\u00fcrkayalar Konsept projesinin in\u015faat\u0131 ve peyzaj \u00e7al\u0131\u015fmalar\u0131 tamamland\u0131 ve ya\u015fam ba\u015flad\u0131. 98 konuttan olu\u015fan projede hemen teslim dairelerin fiyatlar\u0131 5 milyon 800 bin TL&#8217;den ba\u015fl\u0131yor. G\u00fcrkayalar \u0130n\u015faat&#8217;\u0131n Menemen Koyundere&#8217;de 4.805 metrekare arsa \u00fczerinde hayata ge\u00e7irdi\u011fi 17.000 metrekare in\u015faat alan\u0131na sahip G\u00fcrkayalar Konsept projesinde ya\u015fam ba\u015flad\u0131. 3 blokta 98 adet [&hellip;]<\/p>\n","protected":false},"author":1,"featured_media":445,"comment_status":"open","ping_status":"open","sticky":false,"template":"","format":"standard","meta":{"_acf_changed":false,"footnotes":""},"categories":[1],"tags":[],"class_list":["post-413","post","type-post","status-publish","format-standard","has-post-thumbnail","hentry","category-uncategorized"],"acf":[],"_links":{"self":[{"href":"https:\/\/profaj.co\/gurkayalar2\/wp-json\/wp\/v2\/posts\/413","targetHints":{"allow":["GET"]}}],"collection":[{"href":"https:\/\/profaj.co\/gurkayalar2\/wp-json\/wp\/v2\/posts"}],"about":[{"href":"https:\/\/profaj.co\/gurkayalar2\/wp-json\/wp\/v2\/types\/post"}],"author":[{"embeddable":true,"href":"https:\/\/profaj.co\/gurkayalar2\/wp-json\/wp\/v2\/users\/1"}],"replies":[{"embeddable":true,"href":"https:\/\/profaj.co\/gurkayalar2\/wp-json\/wp\/v2\/comments?post=413"}],"version-history":[{"count":5,"href":"https:\/\/profaj.co\/gurkayalar2\/wp-json\/wp\/v2\/posts\/413\/revisions"}],"predecessor-version":[{"id":453,"href":"https:\/\/profaj.co\/gurkayalar2\/wp-json\/wp\/v2\/posts\/413\/revisions\/453"}],"wp:featuredmedia":[{"embeddable":true,"href":"https:\/\/profaj.co\/gurkayalar2\/wp-json\/wp\/v2\/media\/445"}],"wp:attachment":[{"href":"https:\/\/profaj.co\/gurkayalar2\/wp-json\/wp\/v2\/media?parent=413"}],"wp:term":[{"taxonomy":"category","embeddable":true,"href":"https:\/\/profaj.co\/gurkayalar2\/wp-json\/wp\/v2\/categories?post=413"},{"taxonomy":"post_tag","embeddable":true,"href":"https:\/\/profaj.co\/gurkayalar2\/wp-json\/wp\/v2\/tags?post=413"}],"curies":[{"name":"wp","href":"https:\/\/api.w.org\/{rel}","templated":true}]}}