{"id":448,"date":"2026-06-01T08:54:07","date_gmt":"2026-06-01T08:54:07","guid":{"rendered":"https:\/\/profaj.co\/gurkayalar2\/?p=448"},"modified":"2026-06-01T08:54:07","modified_gmt":"2026-06-01T08:54:07","slug":"gurkayalar-vista-satisa-cikti","status":"publish","type":"post","link":"https:\/\/profaj.co\/gurkayalar2\/gurkayalar-vista-satisa-cikti\/","title":{"rendered":"G\u00fcrkayalar Vista Sat\u0131\u015fa \u00c7\u0131kt\u0131!"},"content":{"rendered":"<p>G\u00fcrkayalar \u0130n\u015faat&#8217;\u0131n \u00c7i\u011fli&#8217;de hayata ge\u00e7irdi\u011fi G\u00fcrkayalar Vista projesi sat\u0131\u015fa sunuldu. 1+1 ve 2+1 konutlar\u0131n yer ald\u0131\u011f\u0131 projede fiyatlar 4 milyon TL&#8217;den ba\u015fl\u0131yor.<\/p>\n<p>G\u00fcrkayalar \u0130n\u015faat&#8217;\u0131n \u00c7i\u011fli Evka 5 mahallesinde hayata ge\u00e7irdi\u011fi panaromik k\u00f6rfez manzaral\u0131 yeni projesi G\u00fcrkayalar Vista 55 konuttan meydana geliyor.<\/p>\n<p>8.000 metrekare in\u015faat alan\u0131na sahip proje\u00a0 7 ve 10 katl\u0131 2 blok olarak y\u00fckseliyor.<\/p>\n<p>1+1 ve 2+1 daire se\u00e7eneklerinin yer verildi\u011fi projede kapal\u0131 mutfak 2+1&#8217;ler 96 metrekare, 1+1&#8217;ler ise 50 metrekare olarak tasarland\u0131.<\/p>\n<p>Zemin kattan itibaren \u0130zmir k\u00f6rfezi manzaras\u0131na sahip olan projede in\u015faat \u00e7al\u0131\u015fmalar\u0131 devam ediyor. Kaba in\u015faat a\u015famas\u0131nda olan projenin 18 ayda teslim edilmesi planlan\u0131yor.<\/p>\n<p>Sat\u0131\u015flar\u0131n ba\u015flad\u0131\u011f\u0131 projede fiyatlar 4 milyon TL&#8217;den ba\u015fl\u0131yor.<\/p>\n<p>Geni\u015f sosyal olanaklar\u0131n\u0131n yer ald\u0131\u011f\u0131 projede a\u00e7\u0131k ve kapal\u0131 otopark, y\u00fczme havuzu, \u00e7ocuk oyun alan\u0131, fitness salonu ve peyzaj alanlar\u0131 yer al\u0131yor.<\/p>\n<p>Ula\u015f\u0131m akslar\u0131na, hastane ve \u00fcniversiteye\u00a0\u00e7ok yak\u0131n mesafede yer alan G\u00fcrkayalar Vista; \u00c7anakkale asfalt\u0131na 5 dakika, Egekent \u0130zban istasyonuna 5 dakika, \u00c7i\u011fli B\u00f6lge Ara\u015ft\u0131rma Hastanesine 8 dakika, Katip \u00c7elebi \u00dcniversitesi&#8217;ne 9 dakika,\u00a0\u00c7evreyolu ba\u011flant\u0131s\u0131na 10 dakika mesafede yer al\u0131yor.<\/p>\n<p><strong>\u0130zmir&#8217;in en sa\u011flam zemininde y\u00fckseliyor<\/strong><\/p>\n<p>Projenin \u0130zmir&#8217;in en sa\u011flam zeminlerinden birinde hayata ge\u00e7irildi\u011fini ifade eden G\u00fcrkayalar \u0130n\u015faat Proje Koordinat\u00f6r\u00fc\u00a0F\u0131rat Kaya, &#8220;Projemizin zemini tamamen kayal\u0131k. Temel yeri a\u00e7mak i\u00e7in k\u0131r\u0131c\u0131larla haftalarca kayay\u0131 k\u0131rmak zorunda kald\u0131k. \u0130zmir&#8217;de depreme kar\u015f\u0131 en g\u00fcvenli binalardan biri olacak&#8221; dedi.<\/p>\n<p><strong>200 konutluk yeni proje geliyor<\/strong><\/p>\n<p>G\u00fcrkayalar Tema ve G\u00fcrkayalar Konsept projesinde sat\u0131\u015flar\u0131n devam etti\u011fini belirten F\u0131rat Kaya, &#8220;Piyasa \u015fartlar\u0131ndan ve y\u00fcksek faiz oranlar\u0131ndan dolay\u0131 sat\u0131\u015flar istedi\u011fimiz seviyede de\u011fil. Buna ra\u011fmen yat\u0131r\u0131mlar\u0131m\u0131za devam ediyoruz. \u00d6z sermayemizle yat\u0131r\u0131mlar\u0131m\u0131z\u0131 s\u00fcrd\u00fcr\u00fcyoruz. G\u00fcrkayalar Vista projemizin in\u015faat\u0131 devam ediyor. \u00c7i\u011fli Harmandal\u0131&#8217;nda 200&#8217;\u00fcn \u00fczerinde konuttan olu\u015fan yeni bir proje daha hayata ge\u00e7iriyoruz. Ruhsat i\u00e7in ba\u015fvurular\u0131m\u0131z\u0131 yapt\u0131k y\u0131l\u0131n ikinci yar\u0131s\u0131nda in\u015faata ba\u015flamay\u0131 planl\u0131yoruz&#8221; dedi.<\/p>\n<p>Kaynak: <a href=\"https:\/\/www.insaatderyasi.com\/gurkayalar-vista-satisa-cikti-28893h.htm\" target=\"_blank\" rel=\"noopener\">G\u00fcrkayalar Vista Sat\u0131\u015fa \u00c7\u0131kt\u0131!<\/a><\/p>\n","protected":false},"excerpt":{"rendered":"<p>G\u00fcrkayalar \u0130n\u015faat&#8217;\u0131n \u00c7i\u011fli&#8217;de hayata ge\u00e7irdi\u011fi G\u00fcrkayalar Vista projesi sat\u0131\u015fa sunuldu. 1+1 ve 2+1 konutlar\u0131n yer ald\u0131\u011f\u0131 projede fiyatlar 4 milyon TL&#8217;den ba\u015fl\u0131yor. G\u00fcrkayalar \u0130n\u015faat&#8217;\u0131n \u00c7i\u011fli Evka 5 mahallesinde hayata ge\u00e7irdi\u011fi panaromik k\u00f6rfez manzaral\u0131 yeni projesi G\u00fcrkayalar Vista 55 konuttan meydana geliyor. 8.000 metrekare in\u015faat alan\u0131na sahip proje\u00a0 7 ve 10 katl\u0131 2 blok olarak y\u00fckseliyor. [&hellip;]<\/p>\n","protected":false},"author":1,"featured_media":449,"comment_status":"open","ping_status":"open","sticky":false,"template":"","format":"standard","meta":{"_acf_changed":false,"footnotes":""},"categories":[1],"tags":[],"class_list":["post-448","post","type-post","status-publish","format-standard","has-post-thumbnail","hentry","category-uncategorized"],"acf":[],"_links":{"self":[{"href":"https:\/\/profaj.co\/gurkayalar2\/wp-json\/wp\/v2\/posts\/448","targetHints":{"allow":["GET"]}}],"collection":[{"href":"https:\/\/profaj.co\/gurkayalar2\/wp-json\/wp\/v2\/posts"}],"about":[{"href":"https:\/\/profaj.co\/gurkayalar2\/wp-json\/wp\/v2\/types\/post"}],"author":[{"embeddable":true,"href":"https:\/\/profaj.co\/gurkayalar2\/wp-json\/wp\/v2\/users\/1"}],"replies":[{"embeddable":true,"href":"https:\/\/profaj.co\/gurkayalar2\/wp-json\/wp\/v2\/comments?post=448"}],"version-history":[{"count":1,"href":"https:\/\/profaj.co\/gurkayalar2\/wp-json\/wp\/v2\/posts\/448\/revisions"}],"predecessor-version":[{"id":450,"href":"https:\/\/profaj.co\/gurkayalar2\/wp-json\/wp\/v2\/posts\/448\/revisions\/450"}],"wp:featuredmedia":[{"embeddable":true,"href":"https:\/\/profaj.co\/gurkayalar2\/wp-json\/wp\/v2\/media\/449"}],"wp:attachment":[{"href":"https:\/\/profaj.co\/gurkayalar2\/wp-json\/wp\/v2\/media?parent=448"}],"wp:term":[{"taxonomy":"category","embeddable":true,"href":"https:\/\/profaj.co\/gurkayalar2\/wp-json\/wp\/v2\/categories?post=448"},{"taxonomy":"post_tag","embeddable":true,"href":"https:\/\/profaj.co\/gurkayalar2\/wp-json\/wp\/v2\/tags?post=448"}],"curies":[{"name":"wp","href":"https:\/\/api.w.org\/{rel}","templated":true}]}}