{"id":196,"count":1,"description":"","link":"https:\/\/profaj.co\/hemenforklift\/portfolio_group\/akulu-istif-makinalari\/","name":"Ak\u00fcl\u00fc \u0130stif Makinalar\u0131","slug":"akulu-istif-makinalari","taxonomy":"cpt_portfolio_group","parent":0,"meta":[],"acf":[],"_links":{"self":[{"href":"https:\/\/profaj.co\/hemenforklift\/wp-json\/wp\/v2\/cpt_portfolio_group\/196","targetHints":{"allow":["GET"]}}],"collection":[{"href":"https:\/\/profaj.co\/hemenforklift\/wp-json\/wp\/v2\/cpt_portfolio_group"}],"about":[{"href":"https:\/\/profaj.co\/hemenforklift\/wp-json\/wp\/v2\/taxonomies\/cpt_portfolio_group"}],"wp:post_type":[{"href":"https:\/\/profaj.co\/hemenforklift\/wp-json\/wp\/v2\/cpt_portfolio?cpt_portfolio_group=196"}],"curies":[{"name":"wp","href":"https:\/\/api.w.org\/{rel}","templated":true}]}}