{"id":201,"count":1,"description":"","link":"https:\/\/profaj.co\/hemenforklift\/portfolio_group\/denge-agirlikli-istif-makinalari\/","name":"Denge A\u011f\u0131rl\u0131kl\u0131 \u0130stif Makinalar\u0131","slug":"denge-agirlikli-istif-makinalari","taxonomy":"cpt_portfolio_group","parent":0,"meta":[],"acf":[],"_links":{"self":[{"href":"https:\/\/profaj.co\/hemenforklift\/wp-json\/wp\/v2\/cpt_portfolio_group\/201","targetHints":{"allow":["GET"]}}],"collection":[{"href":"https:\/\/profaj.co\/hemenforklift\/wp-json\/wp\/v2\/cpt_portfolio_group"}],"about":[{"href":"https:\/\/profaj.co\/hemenforklift\/wp-json\/wp\/v2\/taxonomies\/cpt_portfolio_group"}],"wp:post_type":[{"href":"https:\/\/profaj.co\/hemenforklift\/wp-json\/wp\/v2\/cpt_portfolio?cpt_portfolio_group=201"}],"curies":[{"name":"wp","href":"https:\/\/api.w.org\/{rel}","templated":true}]}}