{"id":3129,"date":"2023-10-11T11:45:46","date_gmt":"2023-10-11T11:45:46","guid":{"rendered":"https:\/\/profaj.co\/icu\/?p=3129"},"modified":"2023-10-11T13:19:15","modified_gmt":"2023-10-11T13:19:15","slug":"laska-technology-2","status":"publish","type":"post","link":"https:\/\/profaj.co\/icu\/2023\/10\/11\/laska-technology-2\/","title":{"rendered":"Laska Technology 2"},"content":{"rendered":"\r\n<p><span style=\"font-weight: 400;\">ICU Giri\u015fim portf\u00f6y \u015firketlerinden Laska Technology, D\u00fcnya Ticaret Konseyi&#8217;nin d\u00fczenledi\u011fi\u00a0ve ABD&#8217;nin Rhode Island eyaletinde 6-8 Kas\u0131m tarihlerinde yap\u0131lacak &#8220;2023 GO GLOBAL AWARDS&#8221; \u00f6d\u00fcl t\u00f6renine finalist olarak davet edildi.<\/span><\/p>\r\n<p><span style=\"font-weight: 400;\">Uluslararas\u0131 pazara s\u0131ra d\u0131\u015f\u0131 bir \u015fekilde giri\u015f yapan ve belirgin bir etki yaratan ba\u015far\u0131l\u0131 giri\u015fimlerin davet edilip \u00f6d\u00fcllendirildi\u011fi bu etkinlik kapsam\u0131nda Laska, otuzdan fazla \u00fclkeden sayg\u0131n devlet, ticaret ve yat\u0131r\u0131m kurumu liderlerinin \u00f6n\u00fcnde sunum yapmak ve B2B toplant\u0131lara kat\u0131larak faaliyetlerini ifade etmek i\u00e7in \u00f6nemli bir f\u0131rsat elde etti.\u00a0 Ayn\u0131 zamanda etkili end\u00fcstri liderleri ve karar vericilerle etkile\u015fim kurmak i\u00e7in sunulan bu olanak ile k\u00fcresel boyutta yeni proje olas\u0131l\u0131klar\u0131n\u0131 ke\u015ffetmek i\u00e7in \u00f6nemli bir ad\u0131m atm\u0131\u015f oldu.<\/span><\/p>\r\n<p><span style=\"font-weight: 400;\">Go Global Awards hakk\u0131nda ayr\u0131nt\u0131l\u0131 bilgi i\u00e7in https:\/\/goglobalawards.org\/<\/span><\/p>\r\n","protected":false},"excerpt":{"rendered":"<p>ICU Giri\u015fim portf\u00f6y \u015firketlerinden Laska Technology, D\u00fcnya Ticaret Konseyi&#8217;nin d\u00fczenledi\u011fi\u00a0ve ABD&#8217;nin Rhode Island eyaletinde 6-8 Kas\u0131m tarihlerinde yap\u0131lacak &#8220;2023 GO GLOBAL AWARDS&#8221; \u00f6d\u00fcl t\u00f6renine finalist olarak davet edildi. Uluslararas\u0131 pazara s\u0131ra d\u0131\u015f\u0131 bir \u015fekilde giri\u015f yapan ve belirgin bir etki yaratan ba\u015far\u0131l\u0131 giri\u015fimlerin davet edilip \u00f6d\u00fcllendirildi\u011fi bu etkinlik kapsam\u0131nda Laska, otuzdan fazla \u00fclkeden sayg\u0131n devlet, [&hellip;]<\/p>\n","protected":false},"author":1,"featured_media":3259,"comment_status":"open","ping_status":"open","sticky":false,"template":"","format":"standard","meta":{"footnotes":""},"categories":[1],"tags":[],"class_list":["post-3129","post","type-post","status-publish","format-standard","has-post-thumbnail","hentry","category-uncategorized"],"_links":{"self":[{"href":"https:\/\/profaj.co\/icu\/wp-json\/wp\/v2\/posts\/3129","targetHints":{"allow":["GET"]}}],"collection":[{"href":"https:\/\/profaj.co\/icu\/wp-json\/wp\/v2\/posts"}],"about":[{"href":"https:\/\/profaj.co\/icu\/wp-json\/wp\/v2\/types\/post"}],"author":[{"embeddable":true,"href":"https:\/\/profaj.co\/icu\/wp-json\/wp\/v2\/users\/1"}],"replies":[{"embeddable":true,"href":"https:\/\/profaj.co\/icu\/wp-json\/wp\/v2\/comments?post=3129"}],"version-history":[{"count":1,"href":"https:\/\/profaj.co\/icu\/wp-json\/wp\/v2\/posts\/3129\/revisions"}],"predecessor-version":[{"id":3130,"href":"https:\/\/profaj.co\/icu\/wp-json\/wp\/v2\/posts\/3129\/revisions\/3130"}],"wp:featuredmedia":[{"embeddable":true,"href":"https:\/\/profaj.co\/icu\/wp-json\/wp\/v2\/media\/3259"}],"wp:attachment":[{"href":"https:\/\/profaj.co\/icu\/wp-json\/wp\/v2\/media?parent=3129"}],"wp:term":[{"taxonomy":"category","embeddable":true,"href":"https:\/\/profaj.co\/icu\/wp-json\/wp\/v2\/categories?post=3129"},{"taxonomy":"post_tag","embeddable":true,"href":"https:\/\/profaj.co\/icu\/wp-json\/wp\/v2\/tags?post=3129"}],"curies":[{"name":"wp","href":"https:\/\/api.w.org\/{rel}","templated":true}]}}