{"id":3131,"date":"2023-10-11T11:47:29","date_gmt":"2023-10-11T11:47:29","guid":{"rendered":"https:\/\/profaj.co\/icu\/?p=3131"},"modified":"2023-10-11T13:19:31","modified_gmt":"2023-10-11T13:19:31","slug":"batkon","status":"publish","type":"post","link":"https:\/\/profaj.co\/icu\/2023\/10\/11\/batkon\/","title":{"rendered":"Batkon"},"content":{"rendered":"\r\n<p><span style=\"font-weight: 400;\">PiLDER (Pil, Batarya \u00dcreticileri ve Tedarik\u00e7ileri Derne\u011fi) taraf\u0131ndan 8\u2019incisi ve bu y\u0131l ilk defa zirve format\u0131nda d\u00fczenlenecek olan Batarya Teknolojileri Zirvesi T\u00fcrkiye\u2019den ve uluslararas\u0131 sekt\u00f6r temsilcilerinin kat\u0131l\u0131m\u0131yla 22-23 Kas\u0131m tarihlerinde Bili\u015fim Vadisi\u2019nde ger\u00e7ekle\u015fecek. <\/span><\/p>\r\n<p><span style=\"font-weight: 400;\">Zirvede, Batarya Teknolojileri ve\u00a0Gelece\u011fi, Batarya Y\u00f6netim Sistemleri ve Uygulamalar\u0131, Batarya Sertifikasyonu ve G\u00fcvenli\u011fi, Batarya \u0130kincil Kullan\u0131m\u0131 ve Geri D\u00f6n\u00fc\u015f\u00fcm\u00fc konular\u0131 sekt\u00f6r liderleri ve deneyimli konu\u015fmac\u0131lar\u0131 taraf\u0131ndan ele al\u0131nacak.<\/span><\/p>\r\n<p><span style=\"font-weight: 400;\">ICU Giri\u015fim i\u015ftiraklerinden ve enerji depolama sistemleri i\u00e7in elektronik donan\u0131m ve g\u00f6m\u00fcl\u00fc yaz\u0131l\u0131m tasar\u0131m\u0131na odaklanan bir Ar-Ge \u015firketi olan\u00a0<\/span><a href=\"https:\/\/www.linkedin.com\/company\/batkonbatarya\/\"><span style=\"font-weight: 400;\">BATKON Batarya Kontrol Teknolojileri A.\u015e.<\/span><\/a><span style=\"font-weight: 400;\">\u00a0enerji depolama alan\u0131ndaki en yeni \u00e7\u00f6z\u00fcmlerini ve yeniliklerini payla\u015fmak i\u00e7in zirvede kat\u0131l\u0131mc\u0131lar ile bulu\u015facak.<\/span><\/p>\r\n<p>Ayn\u0131 zamanda Zirve Organizasyon Komitesi Ba\u015fkan\u0131 olan, BATKON Batarya Kontrol Teknolojileri A.\u015e\u2019den \u0130lker AYDIN, \u2018 Batarya Y\u00f6netim Sistemleri \u2018 \u00fczerine bir konu\u015fma ger\u00e7ekle\u015ftirecek.<\/p>\r\n<p>Zirve program\u0131 ve di\u011fer detaylar i\u00e7in <a href=\"https:\/\/www.battery-technologies-summit.com\/\">https:\/\/www.battery-technologies-summit.com\/<\/a><\/p>\r\n","protected":false},"excerpt":{"rendered":"<p>PiLDER (Pil, Batarya \u00dcreticileri ve Tedarik\u00e7ileri Derne\u011fi) taraf\u0131ndan 8\u2019incisi ve bu y\u0131l ilk defa zirve format\u0131nda d\u00fczenlenecek olan Batarya Teknolojileri Zirvesi T\u00fcrkiye\u2019den ve uluslararas\u0131 sekt\u00f6r temsilcilerinin kat\u0131l\u0131m\u0131yla 22-23 Kas\u0131m tarihlerinde Bili\u015fim Vadisi\u2019nde ger\u00e7ekle\u015fecek. Zirvede, Batarya Teknolojileri ve\u00a0Gelece\u011fi, Batarya Y\u00f6netim Sistemleri ve Uygulamalar\u0131, Batarya Sertifikasyonu ve G\u00fcvenli\u011fi, Batarya \u0130kincil Kullan\u0131m\u0131 ve Geri D\u00f6n\u00fc\u015f\u00fcm\u00fc konular\u0131 sekt\u00f6r liderleri [&hellip;]<\/p>\n","protected":false},"author":1,"featured_media":3133,"comment_status":"open","ping_status":"open","sticky":false,"template":"","format":"standard","meta":{"footnotes":""},"categories":[1],"tags":[],"class_list":["post-3131","post","type-post","status-publish","format-standard","has-post-thumbnail","hentry","category-uncategorized"],"_links":{"self":[{"href":"https:\/\/profaj.co\/icu\/wp-json\/wp\/v2\/posts\/3131","targetHints":{"allow":["GET"]}}],"collection":[{"href":"https:\/\/profaj.co\/icu\/wp-json\/wp\/v2\/posts"}],"about":[{"href":"https:\/\/profaj.co\/icu\/wp-json\/wp\/v2\/types\/post"}],"author":[{"embeddable":true,"href":"https:\/\/profaj.co\/icu\/wp-json\/wp\/v2\/users\/1"}],"replies":[{"embeddable":true,"href":"https:\/\/profaj.co\/icu\/wp-json\/wp\/v2\/comments?post=3131"}],"version-history":[{"count":2,"href":"https:\/\/profaj.co\/icu\/wp-json\/wp\/v2\/posts\/3131\/revisions"}],"predecessor-version":[{"id":3261,"href":"https:\/\/profaj.co\/icu\/wp-json\/wp\/v2\/posts\/3131\/revisions\/3261"}],"wp:featuredmedia":[{"embeddable":true,"href":"https:\/\/profaj.co\/icu\/wp-json\/wp\/v2\/media\/3133"}],"wp:attachment":[{"href":"https:\/\/profaj.co\/icu\/wp-json\/wp\/v2\/media?parent=3131"}],"wp:term":[{"taxonomy":"category","embeddable":true,"href":"https:\/\/profaj.co\/icu\/wp-json\/wp\/v2\/categories?post=3131"},{"taxonomy":"post_tag","embeddable":true,"href":"https:\/\/profaj.co\/icu\/wp-json\/wp\/v2\/tags?post=3131"}],"curies":[{"name":"wp","href":"https:\/\/api.w.org\/{rel}","templated":true}]}}