{"id":505,"date":"2026-01-26T07:18:09","date_gmt":"2026-01-26T07:18:09","guid":{"rendered":"https:\/\/profaj.co\/igem\/?p=505"},"modified":"2026-01-26T10:41:10","modified_gmt":"2026-01-26T10:41:10","slug":"kolon-kanseri-taramasi","status":"publish","type":"post","link":"https:\/\/profaj.co\/igem\/kolon-kanseri-taramasi\/","title":{"rendered":"Kolon Kanseri Taramas\u0131"},"content":{"rendered":"<p><span style=\"font-weight: 400;\">Kolon (kal\u0131n ba\u011f\u0131rsak) kanseri, d\u00fcnyada en s\u0131k g\u00f6r\u00fclen kanser t\u00fcrlerinden biri olmas\u0131na ra\u011fmen, &#8220;\u00f6nlenebilir&#8221; kanserler s\u0131n\u0131f\u0131ndad\u0131r. \u00c7\u00fcnk\u00fc bu kanser t\u00fcr\u00fc, genellikle &#8220;polip&#8221; ad\u0131 verilen k\u00fc\u00e7\u00fck et benlerinden t\u00fcrer ve bu poliplerin kanserle\u015fmesi y\u0131llar al\u0131r. \u0130\u015fte tam bu noktada <\/span><b>\u0130zmir&#8217;de kolonoskopi<\/b><span style=\"font-weight: 400;\"> taramas\u0131 hayati bir rol oynar. Hen\u00fcz kansere d\u00f6n\u00fc\u015fmemi\u015f bir polibin tespit edilip \u00e7\u0131kar\u0131lmas\u0131 (polipektomi), sizi gelecekteki bir kanser hastal\u0131\u011f\u0131ndan %100&#8217;e yak\u0131n oranda korur.<\/span><\/p>\n<p><span style=\"font-weight: 400;\">Uluslararas\u0131 sa\u011fl\u0131k otoriteleri ve <\/span><b>\u0130GEM<\/b><span style=\"font-weight: 400;\"> uzmanlar\u0131, herhangi bir ba\u011f\u0131rsak \u015fikayeti olmasa dahi 45-50 ya\u015f aral\u0131\u011f\u0131ndaki her bireyin mutlaka tarama kolonoskopisi yapt\u0131rmas\u0131n\u0131 \u00f6nermektedir. E\u011fer ailenizde kolon kanseri \u00f6yk\u00fcs\u00fc varsa, bu tarama ya\u015f\u0131 \u00e7ok daha erkene \u00e7ekilmelidir. Merkezimizde yap\u0131lan i\u015flemlerde, hastalar\u0131m\u0131z sedasyon sayesinde hi\u00e7bir a\u011fr\u0131 hissetmez ve i\u015flem sonras\u0131 g\u00fcnl\u00fck hayatlar\u0131na k\u0131sa s\u00fcrede d\u00f6nebilirler.<\/span><\/p>\n<p><span style=\"font-weight: 400;\">&#8220;Benim bir \u015fikayetim yok, neden yapt\u0131ray\u0131m?&#8221; demeyin. Ba\u011f\u0131rsak kanseri sinsi ilerler ve belirti verdi\u011finde genellikle ileri evreye ge\u00e7mi\u015f olur. <\/span><b>\u0130zmir gastroenteroloji<\/b><span style=\"font-weight: 400;\"> alan\u0131nda uzmanla\u015fm\u0131\u015f merkezimiz \u0130GEM, Metropol Sa\u011fl\u0131k Grubu&#8217;nun kalite standartlar\u0131yla sizlere g\u00fcvenli bir tarama program\u0131 sunuyor. Sa\u011fl\u0131kl\u0131 bir gelecek ve sevdiklerinizle ge\u00e7irece\u011finiz uzun y\u0131llar i\u00e7in, yar\u0131m g\u00fcn\u00fcn\u00fcz\u00fc ay\u0131rarak kolonoskopi taraman\u0131z\u0131 yapt\u0131r\u0131n.<\/span><\/p>\n","protected":false},"excerpt":{"rendered":"<p>Kolon (kal\u0131n ba\u011f\u0131rsak) kanseri, d\u00fcnyada en s\u0131k g\u00f6r\u00fclen kanser t\u00fcrlerinden biri olmas\u0131na ra\u011fmen, &#8220;\u00f6nlenebilir&#8221; kanserler s\u0131n\u0131f\u0131ndad\u0131r. \u00c7\u00fcnk\u00fc bu kanser t\u00fcr\u00fc, genellikle &#8220;polip&#8221; ad\u0131 verilen k\u00fc\u00e7\u00fck et benlerinden t\u00fcrer ve bu poliplerin kanserle\u015fmesi y\u0131llar al\u0131r. \u0130\u015fte tam bu noktada \u0130zmir&#8217;de kolonoskopi taramas\u0131 hayati bir rol oynar. Hen\u00fcz kansere d\u00f6n\u00fc\u015fmemi\u015f bir polibin tespit edilip \u00e7\u0131kar\u0131lmas\u0131 (polipektomi), sizi [&hellip;]<\/p>\n","protected":false},"author":1,"featured_media":591,"comment_status":"open","ping_status":"open","sticky":false,"template":"","format":"standard","meta":{"_acf_changed":false,"footnotes":""},"categories":[1],"tags":[],"class_list":["post-505","post","type-post","status-publish","format-standard","has-post-thumbnail","hentry","category-uncategorized"],"acf":[],"_links":{"self":[{"href":"https:\/\/profaj.co\/igem\/wp-json\/wp\/v2\/posts\/505","targetHints":{"allow":["GET"]}}],"collection":[{"href":"https:\/\/profaj.co\/igem\/wp-json\/wp\/v2\/posts"}],"about":[{"href":"https:\/\/profaj.co\/igem\/wp-json\/wp\/v2\/types\/post"}],"author":[{"embeddable":true,"href":"https:\/\/profaj.co\/igem\/wp-json\/wp\/v2\/users\/1"}],"replies":[{"embeddable":true,"href":"https:\/\/profaj.co\/igem\/wp-json\/wp\/v2\/comments?post=505"}],"version-history":[{"count":2,"href":"https:\/\/profaj.co\/igem\/wp-json\/wp\/v2\/posts\/505\/revisions"}],"predecessor-version":[{"id":507,"href":"https:\/\/profaj.co\/igem\/wp-json\/wp\/v2\/posts\/505\/revisions\/507"}],"wp:featuredmedia":[{"embeddable":true,"href":"https:\/\/profaj.co\/igem\/wp-json\/wp\/v2\/media\/591"}],"wp:attachment":[{"href":"https:\/\/profaj.co\/igem\/wp-json\/wp\/v2\/media?parent=505"}],"wp:term":[{"taxonomy":"category","embeddable":true,"href":"https:\/\/profaj.co\/igem\/wp-json\/wp\/v2\/categories?post=505"},{"taxonomy":"post_tag","embeddable":true,"href":"https:\/\/profaj.co\/igem\/wp-json\/wp\/v2\/tags?post=505"}],"curies":[{"name":"wp","href":"https:\/\/api.w.org\/{rel}","templated":true}]}}