{"id":517,"date":"2026-01-26T07:20:21","date_gmt":"2026-01-26T07:20:21","guid":{"rendered":"https:\/\/profaj.co\/igem\/?p=517"},"modified":"2026-01-26T10:34:06","modified_gmt":"2026-01-26T10:34:06","slug":"safra-kanali-taslari","status":"publish","type":"post","link":"https:\/\/profaj.co\/igem\/safra-kanali-taslari\/","title":{"rendered":"Safra Kanal\u0131 Ta\u015flar\u0131"},"content":{"rendered":"<p><span style=\"font-weight: 400;\">Yemeklerden sonra sa\u011f kaburga alt\u0131nda ba\u015flayan \u015fiddetli a\u011fr\u0131, bulant\u0131 ve g\u00f6zlerde sararma&#8230; Bu belirtiler genellikle safra kesesinde olu\u015fan ta\u015flar\u0131n, ana safra kanal\u0131na (koledok) d\u00fc\u015ferek t\u0131kan\u0131kl\u0131k yaratmas\u0131 sonucu olu\u015fur. T\u0131kan\u0131kl\u0131k, safran\u0131n ba\u011f\u0131rsa\u011fa akmas\u0131n\u0131 engeller ve karaci\u011ferde birikerek sar\u0131l\u0131\u011fa yol a\u00e7ar. <\/span><b>\u0130zmir&#8217;de safra yolu ta\u015f\u0131 tedavisi<\/b><span style=\"font-weight: 400;\"> arayan hastalar i\u00e7in <\/span><b>\u0130GEM<\/b><span style=\"font-weight: 400;\">, a\u00e7\u0131k ameliyata alternatif olan ve alt\u0131n standart kabul edilen ERCP y\u00f6ntemini sunmaktad\u0131r.<\/span><\/p>\n<p><span style=\"font-weight: 400;\">Safra kesesi ta\u015flar\u0131 genellikle cerrahi olarak kese ile birlikte al\u0131n\u0131r; ancak ta\u015f ana kanala d\u00fc\u015fm\u00fc\u015fse cerrahi \u00f6ncesi mutlaka kanal\u0131n temizlenmesi gerekir. \u0130\u015fte bu noktada <\/span><b>Metropol Sa\u011fl\u0131k Grubu<\/b><span style=\"font-weight: 400;\"> b\u00fcnyesindeki ERCP \u00fcnitemiz devreye girer. A\u011f\u0131z yoluyla girilerek yap\u0131lan bu endoskopik i\u015flemde, safra kanal\u0131n\u0131n a\u011fz\u0131 geni\u015fletilir ve i\u00e7erideki ta\u015flar \u00f6zel basketler yard\u0131m\u0131yla \u00e7\u0131kar\u0131l\u0131r. V\u00fccutta herhangi bir kesi yap\u0131lmaz.<\/span><\/p>\n<p><span style=\"font-weight: 400;\">Safra kanal\u0131 t\u0131kan\u0131kl\u0131\u011f\u0131 tedavi edilmezse &#8220;kolanjit&#8221; ad\u0131 verilen ciddi safra yolu iltihab\u0131na veya pankreas iltihab\u0131na (pankreatit) neden olabilir. Bu y\u00fczden zamanla yar\u0131\u015f\u0131l\u0131r. <\/span><b>\u0130zmir gastroenteroloji<\/b><span style=\"font-weight: 400;\"> ve ERCP alan\u0131nda deneyimli hekim kadromuz, bu t\u00fcr acil durumlarda h\u0131zl\u0131 m\u00fcdahale ile hastay\u0131 b\u00fcy\u00fck risklerden korur. E\u011fer safra ta\u015f\u0131 \u015fikayetiniz varsa, kanala d\u00fc\u015f\u00fcp d\u00fc\u015fmedi\u011finin kontrol\u00fc ve g\u00fcvenli tedavisi i\u00e7in \u0130GEM uzmanlar\u0131na ba\u015fvurun.<\/span><\/p>\n","protected":false},"excerpt":{"rendered":"<p>Yemeklerden sonra sa\u011f kaburga alt\u0131nda ba\u015flayan \u015fiddetli a\u011fr\u0131, bulant\u0131 ve g\u00f6zlerde sararma&#8230; Bu belirtiler genellikle safra kesesinde olu\u015fan ta\u015flar\u0131n, ana safra kanal\u0131na (koledok) d\u00fc\u015ferek t\u0131kan\u0131kl\u0131k yaratmas\u0131 sonucu olu\u015fur. T\u0131kan\u0131kl\u0131k, safran\u0131n ba\u011f\u0131rsa\u011fa akmas\u0131n\u0131 engeller ve karaci\u011ferde birikerek sar\u0131l\u0131\u011fa yol a\u00e7ar. \u0130zmir&#8217;de safra yolu ta\u015f\u0131 tedavisi arayan hastalar i\u00e7in \u0130GEM, a\u00e7\u0131k ameliyata alternatif olan ve alt\u0131n standart [&hellip;]<\/p>\n","protected":false},"author":1,"featured_media":586,"comment_status":"open","ping_status":"open","sticky":false,"template":"","format":"standard","meta":{"_acf_changed":false,"footnotes":""},"categories":[1],"tags":[],"class_list":["post-517","post","type-post","status-publish","format-standard","has-post-thumbnail","hentry","category-uncategorized"],"acf":[],"_links":{"self":[{"href":"https:\/\/profaj.co\/igem\/wp-json\/wp\/v2\/posts\/517","targetHints":{"allow":["GET"]}}],"collection":[{"href":"https:\/\/profaj.co\/igem\/wp-json\/wp\/v2\/posts"}],"about":[{"href":"https:\/\/profaj.co\/igem\/wp-json\/wp\/v2\/types\/post"}],"author":[{"embeddable":true,"href":"https:\/\/profaj.co\/igem\/wp-json\/wp\/v2\/users\/1"}],"replies":[{"embeddable":true,"href":"https:\/\/profaj.co\/igem\/wp-json\/wp\/v2\/comments?post=517"}],"version-history":[{"count":1,"href":"https:\/\/profaj.co\/igem\/wp-json\/wp\/v2\/posts\/517\/revisions"}],"predecessor-version":[{"id":518,"href":"https:\/\/profaj.co\/igem\/wp-json\/wp\/v2\/posts\/517\/revisions\/518"}],"wp:featuredmedia":[{"embeddable":true,"href":"https:\/\/profaj.co\/igem\/wp-json\/wp\/v2\/media\/586"}],"wp:attachment":[{"href":"https:\/\/profaj.co\/igem\/wp-json\/wp\/v2\/media?parent=517"}],"wp:term":[{"taxonomy":"category","embeddable":true,"href":"https:\/\/profaj.co\/igem\/wp-json\/wp\/v2\/categories?post=517"},{"taxonomy":"post_tag","embeddable":true,"href":"https:\/\/profaj.co\/igem\/wp-json\/wp\/v2\/tags?post=517"}],"curies":[{"name":"wp","href":"https:\/\/api.w.org\/{rel}","templated":true}]}}