{"id":2031,"date":"2025-01-06T11:26:18","date_gmt":"2025-01-06T11:26:18","guid":{"rendered":"https:\/\/profaj.co\/izka2\/?p=2031"},"modified":"2025-01-06T11:58:37","modified_gmt":"2025-01-06T11:58:37","slug":"izkadan-insan-ve-cevre-odakli-yatirim","status":"publish","type":"post","link":"https:\/\/profaj.co\/izka2\/izkadan-insan-ve-cevre-odakli-yatirim\/","title":{"rendered":"\u0130zka&#8217;dan \u0130nsan ve \u00c7evre Odakl\u0131 Yat\u0131r\u0131m"},"content":{"rendered":"<p><strong><\/strong><\/p>\r\n<p class=\"wp-block-paragraph\"><span style=\"font-weight: 400;\">\u0130ZKA \u0130n\u015faat&#8217;\u0131n North Mavi\u015fehir projesi, \u0130zmir kent merkezine yak\u0131nl\u0131\u011f\u0131, modern mimarisi ve huzurlu ya\u015fam alanlar\u0131yla dikkat \u00e7ekiyor. Depreme dayan\u0131kl\u0131 yap\u0131s\u0131 ve \u00e7evre dostu peyzaj\u0131yla konforlu ve g\u00fcvenli bir ya\u015fam sunuyor.<\/span><\/p>\r\n<p><span style=\"font-weight: 400;\">\u0130ZKA \u0130n\u015faat, insan\u0131 \u00f6nceli\u011fe koyan ve ya\u015fam\u0131 huzurlu ve g\u00fcvenli k\u0131lmay\u0131 hedefleyen North Mavi\u015fehir projesini hayata ge\u00e7irdi. \u0130zmir kent merkezine, e\u011fitim, sa\u011fl\u0131k ve ticaret alanlar\u0131na yak\u0131n konumdaki proje, ye\u015filin etkisi, yeni nesil teknolojileri ve depreme dayan\u0131kl\u0131l\u0131\u011f\u0131yla huzurlu, konforlu ve g\u00fcvenli bir ya\u015fam alan\u0131 sunuyor.<\/span><\/p>\r\n<p><span style=\"font-weight: 400;\">Proje hakk\u0131nda bilgi veren Y\u00fcksek Mimar Azat Ye\u015fil, \u00f6nceliklerinin ya\u015fama de\u011fer katan ad\u0131mlar oldu\u011funu, North Mavi\u015fehir projesinin de bu do\u011frultuda ya\u015fam\u0131 kolayla\u015ft\u0131ran ve insana g\u00fcven veren bir ortam sundu\u011funu belirtti. Son deprem y\u00f6netmeli\u011fine uygun fore kaz\u0131k sistemi ve in\u015faat teknikleriyle hayata ge\u00e7en North Mavi\u015fehir\u2019in, \u015fehrin merkezinde ye\u015fil \u00f6zlemine cevap veren peyzaj d\u00fczenlemesiyle g\u00fcven ve konforu bulu\u015fturdu\u011funu kaydeden Ye\u015fil, \u015fu bilgileri payla\u015ft\u0131:<\/span><\/p>\r\n<p><span style=\"font-weight: 400;\">&#8220;Mimarisi ve ayr\u0131cal\u0131klar\u0131yla b\u00f6lgede benzeri olmayan North Mavi\u015fehir, 4 bin metrekarelik proje alan\u0131nda geni\u015f bir peyzaj d\u00fczenlemesine sahip. Konforlu mimari \u00f6zellikleri ve tasar\u0131m peyzaj\u0131n hayat buldu\u011fu projede, y\u00fczme havuzu, \u00e7ocuk aktivite alanlar\u0131, konforlu dinlenme alanlar\u0131, kapal\u0131 ve a\u00e7\u0131k otopark, 7\/24 g\u00fcvenlik hizmeti yer al\u0131yor. Proje, \u0130zban\u2019a iki dakika mesafede olmas\u0131yla ula\u015f\u0131m kolayl\u0131\u011f\u0131 sa\u011fl\u0131yor ve \u015fehir ya\u015fam\u0131n\u0131n t\u00fcm olanaklar\u0131na h\u0131zla eri\u015fim imkan\u0131 sunuyor.&#8221;<\/span><\/p>\r\n<p><span style=\"font-weight: 400;\">North Mavi\u015fehir&#8217;in avantajl\u0131 bir \u015fekilde ev sahibi olmak isteyenlere ka\u00e7\u0131r\u0131lmayacak bir f\u0131rsat sundu\u011funu, gelecek i\u00e7in karl\u0131 bir yat\u0131r\u0131m oldu\u011funu kaydeden Y\u00fcksek Mimar Azat Ye\u015fil, &#8220;North Mavi\u015fehir, sevdiklerinizle birlikte keyifli zaman ge\u00e7irece\u011finiz, modern ve her detay\u0131 \u00f6zenle tasarlanm\u0131\u015f 1+1, 2+1, 3+1 daire se\u00e7enekleriyle, ferah ve \u00f6zg\u00fcr mek\u00e2nlar sunuyor. Sat\u0131\u015flar\u0131m\u0131z, ev sahibi olmak isteyenlerin yo\u011fun ilgisiyle devam ediyor&#8221; diye konu\u015ftu.<\/span><\/p>\r\n<p><strong><\/strong><\/p>","protected":false},"excerpt":{"rendered":"<p>\u0130ZKA \u0130n\u015faat&#8217;\u0131n North Mavi\u015fehir projesi, \u0130zmir kent merkezine yak\u0131nl\u0131\u011f\u0131, modern mimarisi ve huzurlu ya\u015fam alanlar\u0131yla dikkat \u00e7ekiyor. Depreme dayan\u0131kl\u0131 yap\u0131s\u0131 ve \u00e7evre dostu peyzaj\u0131yla konforlu ve g\u00fcvenli bir ya\u015fam sunuyor. \u0130ZKA \u0130n\u015faat, insan\u0131 \u00f6nceli\u011fe koyan ve ya\u015fam\u0131 huzurlu ve g\u00fcvenli k\u0131lmay\u0131 hedefleyen North Mavi\u015fehir projesini hayata ge\u00e7irdi. \u0130zmir kent merkezine, e\u011fitim, sa\u011fl\u0131k ve ticaret alanlar\u0131na [&hellip;]<\/p>\n","protected":false},"author":1,"featured_media":2053,"comment_status":"open","ping_status":"open","sticky":false,"template":"","format":"standard","meta":{"_acf_changed":false,"footnotes":""},"categories":[1],"tags":[],"class_list":["post-2031","post","type-post","status-publish","format-standard","has-post-thumbnail","hentry","category-uncategorized"],"acf":[],"_links":{"self":[{"href":"https:\/\/profaj.co\/izka2\/wp-json\/wp\/v2\/posts\/2031","targetHints":{"allow":["GET"]}}],"collection":[{"href":"https:\/\/profaj.co\/izka2\/wp-json\/wp\/v2\/posts"}],"about":[{"href":"https:\/\/profaj.co\/izka2\/wp-json\/wp\/v2\/types\/post"}],"author":[{"embeddable":true,"href":"https:\/\/profaj.co\/izka2\/wp-json\/wp\/v2\/users\/1"}],"replies":[{"embeddable":true,"href":"https:\/\/profaj.co\/izka2\/wp-json\/wp\/v2\/comments?post=2031"}],"version-history":[{"count":1,"href":"https:\/\/profaj.co\/izka2\/wp-json\/wp\/v2\/posts\/2031\/revisions"}],"predecessor-version":[{"id":2033,"href":"https:\/\/profaj.co\/izka2\/wp-json\/wp\/v2\/posts\/2031\/revisions\/2033"}],"wp:featuredmedia":[{"embeddable":true,"href":"https:\/\/profaj.co\/izka2\/wp-json\/wp\/v2\/media\/2053"}],"wp:attachment":[{"href":"https:\/\/profaj.co\/izka2\/wp-json\/wp\/v2\/media?parent=2031"}],"wp:term":[{"taxonomy":"category","embeddable":true,"href":"https:\/\/profaj.co\/izka2\/wp-json\/wp\/v2\/categories?post=2031"},{"taxonomy":"post_tag","embeddable":true,"href":"https:\/\/profaj.co\/izka2\/wp-json\/wp\/v2\/tags?post=2031"}],"curies":[{"name":"wp","href":"https:\/\/api.w.org\/{rel}","templated":true}]}}