{"id":1,"date":"2026-04-21T12:44:22","date_gmt":"2026-04-21T12:44:22","guid":{"rendered":"https:\/\/profaj.co\/karpasgenel\/?p=1"},"modified":"2026-05-06T09:05:22","modified_gmt":"2026-05-06T09:05:22","slug":"canakkalenin-gayrimenkul-firsatlari","status":"publish","type":"post","link":"https:\/\/profaj.co\/karpasgenel\/canakkalenin-gayrimenkul-firsatlari\/","title":{"rendered":"\u00c7anakkale\u2019nin Gayrimenkul F\u0131rsatlar\u0131"},"content":{"rendered":"\r\n<p class=\"wp-block-paragraph\" data-path-to-node=\"1\"><span class=\"\">2026 y\u0131l\u0131 itibar\u0131yla \u00c7anakkale,<\/span><span class=\"\"> Marmara B\u00f6lgesi&#8217;nin &#8220;ka\u00e7\u0131\u015f noktas\u0131&#8221; olmaktan \u00e7\u0131k\u0131p ba\u015fl\u0131 ba\u015f\u0131na bir cazibe merkezine d\u00f6n\u00fc\u015ft\u00fc.<\/span><span class=\"\"> \u00d6zellikle 1915 \u00c7anakkale K\u00f6pr\u00fcs\u00fc&#8217;n\u00fcn ve otoyol ba\u011flant\u0131lar\u0131n\u0131n tam kapasiteyle b\u00f6lgesel ekonomiye entegre olmas\u0131,<\/span><span class=\"\"> gayrimenkul piyasas\u0131nda dinamikleri tamamen de\u011fi\u015ftirdi.<\/span><span class=\"\"> \u0130zmir gibi b\u00fcy\u00fck\u015fehirlerden kuzeye do\u011fru y\u00f6nelen yat\u0131r\u0131mc\u0131lar i\u00e7in \u00c7anakkale,<\/span><span class=\"\"> hem oturum hem de ticari kazan\u00e7 a\u00e7\u0131s\u0131ndan say\u0131s\u0131z f\u0131rsat sunuyor.<\/span><\/p>\r\n<p data-path-to-node=\"2\"><span class=\"\">\u0130\u015fte g\u00fcncel piyasa verileri \u0131\u015f\u0131\u011f\u0131nda \u00c7anakkale&#8217;deki en g\u00fc\u00e7l\u00fc gayrimenkul f\u0131rsatlar\u0131:<\/span><\/p>\r\n<h5 data-path-to-node=\"3\">1. Yatay Mimarili ve Depreme Dayan\u0131kl\u0131 Konut Projeleri<\/h5>\r\n<p data-path-to-node=\"4\"><span class=\"\">Son y\u0131llarda artan deprem fark\u0131ndal\u0131\u011f\u0131,<\/span><span class=\"\"> b\u00fcy\u00fck\u015fehirlerdeki \u00e7ok katl\u0131 binalardan ka\u00e7\u0131\u015f\u0131 h\u0131zland\u0131rd\u0131.<\/span><span class=\"\"> \u00c7anakkale&#8217;nin sa\u011flam zeminli b\u00f6lgelerinde geli\u015fen az katl\u0131 projeler b\u00fcy\u00fck talep g\u00f6r\u00fcyor.<\/span><\/p>\r\n<ul data-path-to-node=\"5\">\r\n<li>\r\n<p data-path-to-node=\"5,0,0\"><b class=\"\" data-path-to-node=\"5,0,0\" data-index-in-node=\"0\">Kepez ve Dardanos:<\/b><span class=\"\"> Hem \u015fehir merkezine yak\u0131nl\u0131\u011f\u0131 hem de deniz kenar\u0131 ya\u015fam\u0131 sunmas\u0131 nedeniyle l\u00fcks konut ve villa projelerinde y\u00fcksek prim potansiyeli ta\u015f\u0131yor.<\/span><\/p>\r\n<\/li>\r\n<li>\r\n<p data-path-to-node=\"5,1,0\"><b class=\"\" data-path-to-node=\"5,1,0\" data-index-in-node=\"0\">G\u00fczelyal\u0131 ve Yeni \u0130mar Alanlar\u0131:<\/b><span class=\"\"> Merkeze ba\u011fl\u0131 b\u00f6lgelerde geni\u015f bah\u00e7eli,<\/span><span class=\"\"> yatay mimariye sahip m\u00fcstakil ev konseptleri h\u0131zla de\u011fer kazan\u0131yor.<\/span><\/p>\r\n<\/li>\r\n<\/ul>\r\n<h5 data-path-to-node=\"6\">2. Lojistik ve Ticari Gayrimenkul\u00fcn Y\u00fckseli\u015fi<\/h5>\r\n<p data-path-to-node=\"7\"><span class=\"\">Ula\u015f\u0131m altyap\u0131s\u0131n\u0131n kusursuzla\u015fmas\u0131,<\/span><span class=\"\"> \u015fehri Avrupa ile Anadolu aras\u0131nda stratejik bir ge\u00e7i\u015f noktas\u0131 haline getirdi.<\/span><span class=\"\"> Bu durum \u00f6zellikle \u00fcretim ve depolama alanlar\u0131na olan ihtiyac\u0131 patlatt\u0131.<\/span><\/p>\r\n<ul data-path-to-node=\"8\">\r\n<li>\r\n<p data-path-to-node=\"8,0,0\"><b class=\"\" data-path-to-node=\"8,0,0\" data-index-in-node=\"0\">Biga ve \u00c7an:<\/b><span class=\"\"> Geni\u015fleyen Organize Sanayi B\u00f6lgeleri (OSB) \u00e7evresinde depolama,<\/span><span class=\"\"> lojistik tesis ve fabrika arazisi yat\u0131r\u0131mlar\u0131 orta vadede b\u00fcy\u00fck getiri vadediyor.<\/span><\/p>\r\n<\/li>\r\n<li>\r\n<p data-path-to-node=\"8,1,0\"><b class=\"\" data-path-to-node=\"8,1,0\" data-index-in-node=\"0\">Lapseki ve Gelibolu:<\/b><span class=\"\"> K\u00f6pr\u00fc g\u00fczergah\u0131nda yer alan bu il\u00e7elerde,<\/span><span class=\"\"> ticari imarl\u0131 arsalar ve otoyol \u00fczeri hizmet alanlar\u0131 (akaryak\u0131t,<\/span><span class=\"\"> dinlenme tesisi) yat\u0131r\u0131mc\u0131lar\u0131n radar\u0131nda ilk s\u0131rada yer al\u0131yor.<\/span><\/p>\r\n<\/li>\r\n<\/ul>\r\n<h5 data-path-to-node=\"9\">3. Eko-Turizm ve Do\u011faya D\u00f6n\u00fc\u015f Odakl\u0131 Araziler<\/h5>\r\n<p data-path-to-node=\"10\"><span class=\"\">Turizm anlay\u0131\u015f\u0131n\u0131n butikle\u015fmesi ve \u015fehir stresinden uzakla\u015fma iste\u011fi,<\/span><span class=\"\"> arsa piyasas\u0131n\u0131 hareketlendirdi.<\/span><span class=\"\"> Tar\u0131m d\u0131\u015f\u0131 kullan\u0131m izinlerine ve imar planlar\u0131na dikkat edilerek yap\u0131lan arsa yat\u0131r\u0131mlar\u0131 g\u00fcvenli bir liman olmaya devam ediyor.<\/span><\/p>\r\n<ul data-path-to-node=\"11\">\r\n<li>\r\n<p data-path-to-node=\"11,0,0\"><b class=\"\" data-path-to-node=\"11,0,0\" data-index-in-node=\"0\">Ayvac\u0131k, Assos ve Bayrami\u00e7:<\/b><span class=\"\"> Ta\u015f ev restorasyonlar\u0131,<\/span><span class=\"\"> ekolojik tar\u0131m k\u00f6yleri,<\/span><span class=\"\"> glamping tesisleri ve butik otel projeleri i\u00e7in ideal araziler bar\u0131nd\u0131r\u0131yor.<\/span><\/p>\r\n<\/li>\r\n<li>\r\n<p data-path-to-node=\"11,1,0\"><b class=\"\" data-path-to-node=\"11,1,0\" data-index-in-node=\"0\">Kuzey Ege Sahilleri:<\/b><span class=\"\"> \u0130mara yeni a\u00e7\u0131lan veya imar s\u0131n\u0131r\u0131ndaki b\u00f6lgelerde,<\/span><span class=\"\"> uygun maliyetli parsel yat\u0131r\u0131mlar\u0131 uzun vadeli portf\u00f6yler i\u00e7in kazan\u00e7l\u0131 bir se\u00e7enek olu\u015fturuyor.<\/span><\/p>\r\n<\/li>\r\n<\/ul>\r\n","protected":false},"excerpt":{"rendered":"<p>2026 y\u0131l\u0131 itibar\u0131yla \u00c7anakkale, Marmara B\u00f6lgesi&#8217;nin &#8220;ka\u00e7\u0131\u015f noktas\u0131&#8221; olmaktan \u00e7\u0131k\u0131p ba\u015fl\u0131 ba\u015f\u0131na bir cazibe merkezine d\u00f6n\u00fc\u015ft\u00fc. \u00d6zellikle 1915 \u00c7anakkale K\u00f6pr\u00fcs\u00fc&#8217;n\u00fcn ve otoyol ba\u011flant\u0131lar\u0131n\u0131n tam kapasiteyle b\u00f6lgesel ekonomiye entegre olmas\u0131, gayrimenkul piyasas\u0131nda dinamikleri tamamen de\u011fi\u015ftirdi. \u0130zmir gibi b\u00fcy\u00fck\u015fehirlerden kuzeye do\u011fru y\u00f6nelen yat\u0131r\u0131mc\u0131lar i\u00e7in \u00c7anakkale, hem oturum hem de ticari kazan\u00e7 a\u00e7\u0131s\u0131ndan say\u0131s\u0131z f\u0131rsat sunuyor. \u0130\u015fte g\u00fcncel [&hellip;]<\/p>\n","protected":false},"author":1,"featured_media":60,"comment_status":"open","ping_status":"open","sticky":false,"template":"","format":"standard","meta":{"_acf_changed":false,"footnotes":""},"categories":[1],"tags":[],"class_list":["post-1","post","type-post","status-publish","format-standard","has-post-thumbnail","hentry","category-uncategorized"],"acf":[],"_links":{"self":[{"href":"https:\/\/profaj.co\/karpasgenel\/wp-json\/wp\/v2\/posts\/1","targetHints":{"allow":["GET"]}}],"collection":[{"href":"https:\/\/profaj.co\/karpasgenel\/wp-json\/wp\/v2\/posts"}],"about":[{"href":"https:\/\/profaj.co\/karpasgenel\/wp-json\/wp\/v2\/types\/post"}],"author":[{"embeddable":true,"href":"https:\/\/profaj.co\/karpasgenel\/wp-json\/wp\/v2\/users\/1"}],"replies":[{"embeddable":true,"href":"https:\/\/profaj.co\/karpasgenel\/wp-json\/wp\/v2\/comments?post=1"}],"version-history":[{"count":4,"href":"https:\/\/profaj.co\/karpasgenel\/wp-json\/wp\/v2\/posts\/1\/revisions"}],"predecessor-version":[{"id":538,"href":"https:\/\/profaj.co\/karpasgenel\/wp-json\/wp\/v2\/posts\/1\/revisions\/538"}],"wp:featuredmedia":[{"embeddable":true,"href":"https:\/\/profaj.co\/karpasgenel\/wp-json\/wp\/v2\/media\/60"}],"wp:attachment":[{"href":"https:\/\/profaj.co\/karpasgenel\/wp-json\/wp\/v2\/media?parent=1"}],"wp:term":[{"taxonomy":"category","embeddable":true,"href":"https:\/\/profaj.co\/karpasgenel\/wp-json\/wp\/v2\/categories?post=1"},{"taxonomy":"post_tag","embeddable":true,"href":"https:\/\/profaj.co\/karpasgenel\/wp-json\/wp\/v2\/tags?post=1"}],"curies":[{"name":"wp","href":"https:\/\/api.w.org\/{rel}","templated":true}]}}