{"id":62,"date":"2026-04-22T12:12:19","date_gmt":"2026-04-22T12:12:19","guid":{"rendered":"https:\/\/profaj.co\/karpasgenel\/?p=62"},"modified":"2026-05-06T09:05:16","modified_gmt":"2026-05-06T09:05:16","slug":"canakkalede-ev-almak-icin-5-neden","status":"publish","type":"post","link":"https:\/\/profaj.co\/karpasgenel\/canakkalede-ev-almak-icin-5-neden\/","title":{"rendered":"\u00c7anakkale\u2019de Ev Almak \u0130\u00e7in 5 Neden"},"content":{"rendered":"<p data-path-to-node=\"1\">2026 y\u0131l\u0131 itibar\u0131yla \u00c7anakkale, yaln\u0131zca yazl\u0131k\u00e7\u0131lar\u0131n de\u011fil, kal\u0131c\u0131 ve huzurlu bir ya\u015fam kurmak isteyenlerin de ilk adresi konumunda. 1915 \u00c7anakkale K\u00f6pr\u00fcs\u00fc&#8217;n\u00fcn b\u00f6lgeye kazand\u0131rd\u0131\u011f\u0131 ivme ile \u015fehir, hem ula\u015f\u0131labilirlik hem de ya\u015fam kalitesi a\u00e7\u0131s\u0131ndan alt\u0131n \u00e7a\u011f\u0131n\u0131 ya\u015f\u0131yor.<\/p>\n<p data-path-to-node=\"2\">E\u011fer gayrimenkul yat\u0131r\u0131m\u0131 yapmay\u0131 veya yeni bir hayata yelken a\u00e7may\u0131 planl\u0131yorsan\u0131z, \u00c7anakkale\u2019de ev almak i\u00e7in en g\u00fc\u00e7l\u00fc 5 nedeni a\u015fa\u011f\u0131da bulabilirsiniz:<\/p>\n<h5 data-path-to-node=\"3\">1. Kesintisiz Ula\u015f\u0131m ve Megakentlere Yak\u0131nl\u0131k<\/h5>\n<ul data-path-to-node=\"4\">\n<li>\n<p data-path-to-node=\"4,0,0\">1915 \u00c7anakkale K\u00f6pr\u00fcs\u00fc ve ba\u011flant\u0131 otoyollar\u0131 sayesinde \u0130stanbul, Bursa ve \u0130zmir&#8217;e ula\u015f\u0131m art\u0131k \u00e7ok daha pratik ve konforlu.<\/p>\n<\/li>\n<li>\n<p data-path-to-node=\"4,1,0\">\u0130\u015f seyahatleri veya hafta sonu ziyaretleri i\u00e7in saatlerce yolda kalma ve feribot s\u0131ras\u0131 bekleme derdi tamamen sona erdi.<\/p>\n<\/li>\n<li>\n<p data-path-to-node=\"4,2,0\">Bu ula\u015f\u0131m kolayl\u0131\u011f\u0131, \u00c7anakkale&#8217;yi &#8220;\u0130stanbul&#8217;un arka bah\u00e7esi&#8221; rahatl\u0131\u011f\u0131nda ama kendi ba\u011f\u0131ms\u0131z ve dingin ruhuna sahip bir \u015fehir haline getirdi.<\/p>\n<\/li>\n<\/ul>\n<h5 data-path-to-node=\"5\">2. Metropol Stresine Kar\u015f\u0131 Y\u00fcksek Ya\u015fam Kalitesi<\/h5>\n<ul data-path-to-node=\"6\">\n<li>\n<p data-path-to-node=\"6,0,0\">Kaz Da\u011flar\u0131&#8217;n\u0131n bol oksijenli havas\u0131 ve deniz esintisi, b\u00f6lgede benzersiz ve sa\u011fl\u0131kl\u0131 bir mikro iklim sunuyor.<\/p>\n<\/li>\n<li>\n<p data-path-to-node=\"6,1,0\">B\u00fcy\u00fck\u015fehirlerdeki bunalt\u0131c\u0131 trafik \u00e7ilesi, g\u00fcr\u00fclt\u00fc ve hava kirlili\u011fi; \u00c7anakkale&#8217;de yerini kordon y\u00fcr\u00fcy\u00fc\u015flerine ve huzura b\u0131rak\u0131yor.<\/p>\n<\/li>\n<li>\n<p data-path-to-node=\"6,2,0\">\u00d6zellikle uzaktan (remote) veya hibrit \u00e7al\u0131\u015fanlar i\u00e7in do\u011fa ile i\u00e7 i\u00e7e, sakin ama teknolojik altyap\u0131s\u0131 g\u00fc\u00e7l\u00fc bir ya\u015fam imkan\u0131 sa\u011fl\u0131yor.<\/p>\n<\/li>\n<\/ul>\n<h5 data-path-to-node=\"7\">3. G\u00fcvenli Liman: Y\u00fckselen Yat\u0131r\u0131m De\u011feri ve Kira Getirisi<\/h5>\n<ul data-path-to-node=\"8\">\n<li>\n<p data-path-to-node=\"8,0,0\">Ula\u015f\u0131m projelerinin tamamlanmas\u0131 ve b\u00f6lgeye olan &#8220;tersine g\u00f6\u00e7&#8221; talebi, konut fiyatlar\u0131n\u0131n istikrarl\u0131 bir \u015fekilde de\u011fer kazanmas\u0131n\u0131 sa\u011fl\u0131yor.<\/p>\n<\/li>\n<li>\n<p data-path-to-node=\"8,1,0\">\u00c7anakkale Onsekiz Mart \u00dcniversitesi&#8217;nin (\u00c7OM\u00dc) her y\u0131l artan ve dinamik \u00f6\u011frenci n\u00fcfusu, ev sahipleri i\u00e7in s\u00fcrekli ve garantili bir kira getirisi sunuyor.<\/p>\n<\/li>\n<li>\n<p data-path-to-node=\"8,2,0\">Kepez, G\u00fczelyal\u0131 ve Dardanos gibi b\u00f6lgelerdeki yatay mimariye sahip yeni konut projeleri, y\u00fcksek prim potansiyeli ta\u015f\u0131yor.<\/p>\n<\/li>\n<\/ul>\n<h5 data-path-to-node=\"9\">4. Geli\u015fmi\u015f Sosyal \u0130mkanlar ve Altyap\u0131<\/h5>\n<ul data-path-to-node=\"10\">\n<li>\n<p data-path-to-node=\"10,0,0\">\u00c7anakkale, &#8220;k\u00fc\u00e7\u00fck sahil kasabas\u0131 samimiyetini&#8221; sunarken modern \u015fehirlerin gereksinim duydu\u011fu t\u00fcm imkanlar\u0131 da b\u00fcnyesinde bar\u0131nd\u0131r\u0131yor.<\/p>\n<\/li>\n<li>\n<p data-path-to-node=\"10,1,0\">Yeni nesil devlet hastaneleri ve \u00f6zel t\u0131p merkezleri sayesinde nitelikli sa\u011fl\u0131k hizmetlerine eri\u015fim son derece kolay.<\/p>\n<\/li>\n<li>\n<p data-path-to-node=\"10,2,0\">Al\u0131\u015fveri\u015f merkezleri, \u015f\u0131k kafeler, deniz \u00fcr\u00fcnleri restoranlar\u0131 ve y\u0131l boyu devam eden sanatsal etkinlikler sayesinde d\u00f6rt mevsim canl\u0131 bir sosyal hayata sahip.<\/p>\n<\/li>\n<\/ul>\n<h5 data-path-to-node=\"11\">5. Tarih, Do\u011fa ve Tatil Cennetinin Tam Ortas\u0131nda Olmak<\/h5>\n<ul data-path-to-node=\"12\">\n<li>\n<p data-path-to-node=\"12,0,0\">Assos, Bozcaada, G\u00f6k\u00e7eada ve tarihi Gelibolu Yar\u0131madas\u0131 gibi d\u00fcnyaca \u00fcnl\u00fc lokasyonlar kelimenin tam anlam\u0131yla &#8220;arka bah\u00e7eniz&#8221; konumunda kal\u0131yor.<\/p>\n<\/li>\n<li>\n<p data-path-to-node=\"12,1,0\">Hafta sonlar\u0131 Truva (Troy) Antik Kenti&#8217;nde tarihe yolculuk yapabilir veya k\u0131sa bir yolculukla Saros K\u00f6rfezi&#8217;nde t\u00fcpl\u00fc dal\u0131\u015f deneyimi ya\u015fayabilirsiniz.<\/p>\n<\/li>\n<li>\n<p data-path-to-node=\"12,2,0\">Kendi evinizde y\u0131l\u0131n 365 g\u00fcn\u00fc tatil k\u00f6y\u00fc konforunda ve zenginli\u011finde bir ya\u015fam s\u00fcrme ayr\u0131cal\u0131\u011f\u0131na ula\u015f\u0131rs\u0131n\u0131z.<\/p>\n<\/li>\n<\/ul>\n","protected":false},"excerpt":{"rendered":"<p>2026 y\u0131l\u0131 itibar\u0131yla \u00c7anakkale, yaln\u0131zca yazl\u0131k\u00e7\u0131lar\u0131n de\u011fil, kal\u0131c\u0131 ve huzurlu bir ya\u015fam kurmak isteyenlerin de ilk adresi konumunda. 1915 \u00c7anakkale K\u00f6pr\u00fcs\u00fc&#8217;n\u00fcn b\u00f6lgeye kazand\u0131rd\u0131\u011f\u0131 ivme ile \u015fehir, hem ula\u015f\u0131labilirlik hem de ya\u015fam kalitesi a\u00e7\u0131s\u0131ndan alt\u0131n \u00e7a\u011f\u0131n\u0131 ya\u015f\u0131yor. E\u011fer gayrimenkul yat\u0131r\u0131m\u0131 yapmay\u0131 veya yeni bir hayata yelken a\u00e7may\u0131 planl\u0131yorsan\u0131z, \u00c7anakkale\u2019de ev almak i\u00e7in en g\u00fc\u00e7l\u00fc 5 nedeni [&hellip;]<\/p>\n","protected":false},"author":1,"featured_media":63,"comment_status":"open","ping_status":"open","sticky":false,"template":"","format":"standard","meta":{"_acf_changed":false,"footnotes":""},"categories":[1],"tags":[],"class_list":["post-62","post","type-post","status-publish","format-standard","has-post-thumbnail","hentry","category-uncategorized"],"acf":[],"_links":{"self":[{"href":"https:\/\/profaj.co\/karpasgenel\/wp-json\/wp\/v2\/posts\/62","targetHints":{"allow":["GET"]}}],"collection":[{"href":"https:\/\/profaj.co\/karpasgenel\/wp-json\/wp\/v2\/posts"}],"about":[{"href":"https:\/\/profaj.co\/karpasgenel\/wp-json\/wp\/v2\/types\/post"}],"author":[{"embeddable":true,"href":"https:\/\/profaj.co\/karpasgenel\/wp-json\/wp\/v2\/users\/1"}],"replies":[{"embeddable":true,"href":"https:\/\/profaj.co\/karpasgenel\/wp-json\/wp\/v2\/comments?post=62"}],"version-history":[{"count":4,"href":"https:\/\/profaj.co\/karpasgenel\/wp-json\/wp\/v2\/posts\/62\/revisions"}],"predecessor-version":[{"id":537,"href":"https:\/\/profaj.co\/karpasgenel\/wp-json\/wp\/v2\/posts\/62\/revisions\/537"}],"wp:featuredmedia":[{"embeddable":true,"href":"https:\/\/profaj.co\/karpasgenel\/wp-json\/wp\/v2\/media\/63"}],"wp:attachment":[{"href":"https:\/\/profaj.co\/karpasgenel\/wp-json\/wp\/v2\/media?parent=62"}],"wp:term":[{"taxonomy":"category","embeddable":true,"href":"https:\/\/profaj.co\/karpasgenel\/wp-json\/wp\/v2\/categories?post=62"},{"taxonomy":"post_tag","embeddable":true,"href":"https:\/\/profaj.co\/karpasgenel\/wp-json\/wp\/v2\/tags?post=62"}],"curies":[{"name":"wp","href":"https:\/\/api.w.org\/{rel}","templated":true}]}}