{"id":65,"date":"2026-04-22T12:12:50","date_gmt":"2026-04-22T12:12:50","guid":{"rendered":"https:\/\/profaj.co\/karpasgenel\/?p=65"},"modified":"2026-05-06T09:04:58","modified_gmt":"2026-05-06T09:04:58","slug":"canakkalede-yatirim","status":"publish","type":"post","link":"https:\/\/profaj.co\/karpasgenel\/canakkalede-yatirim\/","title":{"rendered":"\u00c7anakkale\u2019de Yat\u0131r\u0131m"},"content":{"rendered":"<p data-path-to-node=\"3\">Marmara ve Ege&#8217;nin kesi\u015fim noktas\u0131nda yer alan \u00c7anakkale, sadece \u015fanl\u0131 tarihi ve do\u011fal g\u00fczellikleriyle de\u011fil, son y\u0131llarda sundu\u011fu devasa yat\u0131r\u0131m f\u0131rsatlar\u0131yla da yat\u0131r\u0131mc\u0131lar\u0131n radar\u0131nda ilk s\u0131ralarda yer al\u0131yor. \u00d6zellikle 1915 \u00c7anakkale K\u00f6pr\u00fcs\u00fc&#8217;n\u00fcn b\u00f6lge ekonomisine entegre olmas\u0131yla birlikte, 2026 y\u0131l\u0131 itibar\u0131yla \u015fehir yepyeni bir vizyona kavu\u015ftu.<\/p>\n<p data-path-to-node=\"4\">Peki, portf\u00f6y\u00fcn\u00fcz\u00fc geni\u015fletmek veya yeni bir giri\u015fime imza atmak i\u00e7in neden \u00c7anakkale&#8217;yi se\u00e7melisiniz? \u0130\u015fte \u00c7anakkale&#8217;de yat\u0131r\u0131m yapman\u0131n avantajlar\u0131 ve \u00f6ne \u00e7\u0131kan sekt\u00f6rler.<\/p>\n<h5 data-path-to-node=\"5\">1. Ula\u015f\u0131m ve Lojistik Devrimi<\/h5>\n<p data-path-to-node=\"6\">1915 \u00c7anakkale K\u00f6pr\u00fcs\u00fc ve otoyol projeleri, b\u00f6lgenin kaderini tamamen de\u011fi\u015ftirdi. \u0130stanbul&#8217;un sanayi ve lojistik y\u00fck\u00fcn\u00fc hafifleten en \u00f6nemli alternatif g\u00fczergah haline gelen \u00c7anakkale, Avrupa&#8217;ya ve Ege&#8217;ye olan kesintisiz ba\u011flant\u0131s\u0131yla dikkat \u00e7ekiyor.<\/p>\n<ul data-path-to-node=\"7\">\n<li>\n<p data-path-to-node=\"7,0,0\"><b data-path-to-node=\"7,0,0\" data-index-in-node=\"0\">Biga ve \u00c7an<\/b> b\u00f6lgelerindeki organize sanayi b\u00f6lgeleri (OSB) h\u0131zla geli\u015fiyor.<\/p>\n<\/li>\n<li>\n<p data-path-to-node=\"7,1,0\">Lojistik depolama alanlar\u0131na olan ihtiya\u00e7 her ge\u00e7en g\u00fcn art\u0131yor.<\/p>\n<\/li>\n<li>\n<p data-path-to-node=\"7,2,0\">Avrupa pazar\u0131na ihracat yapan \u015firketler i\u00e7in maliyet avantaj\u0131 sa\u011fl\u0131yor.<\/p>\n<\/li>\n<\/ul>\n<h5 data-path-to-node=\"8\">2. De\u011ferlenen Gayrimenkul ve Arsa Piyasas\u0131<\/h5>\n<p data-path-to-node=\"9\">Ula\u015f\u0131m\u0131n kolayla\u015fmas\u0131, mega kentlerden \u00c7anakkale&#8217;ye do\u011fru ciddi bir &#8220;tersine g\u00f6\u00e7&#8221; ve yat\u0131r\u0131m ak\u0131m\u0131n\u0131 ba\u015flatt\u0131. Hem konut hem de ticari arsa yat\u0131r\u0131mlar\u0131, yat\u0131r\u0131mc\u0131s\u0131na y\u00fcksek kazan\u00e7 vadediyor.<\/p>\n<ul data-path-to-node=\"10\">\n<li>\n<p data-path-to-node=\"10,0,0\">K\u00f6pr\u00fc g\u00fczergah\u0131nda yer alan <b data-path-to-node=\"10,0,0\" data-index-in-node=\"28\">Lapseki ve Gelibolu<\/b>, arsa yat\u0131r\u0131m\u0131 i\u00e7in en g\u00f6zde il\u00e7elerin ba\u015f\u0131nda geliyor.<\/p>\n<\/li>\n<li>\n<p data-path-to-node=\"10,1,0\">Uzaktan \u00e7al\u0131\u015fma modelinin yayg\u0131nla\u015fmas\u0131yla Merkez ve <b data-path-to-node=\"10,1,0\" data-index-in-node=\"53\">Kepez<\/b> civar\u0131nda nitelikli konut talebi zirvede.<\/p>\n<\/li>\n<li>\n<p data-path-to-node=\"10,2,0\">Do\u011fayla i\u00e7 i\u00e7e ya\u015famak isteyenler i\u00e7in tiny house ve prefabrik ev arazileri b\u00fcy\u00fck ilgi g\u00f6r\u00fcyor.<\/p>\n<\/li>\n<\/ul>\n<h5 data-path-to-node=\"11\">3. Eko-Turizm ve Butik Otelcilik<\/h5>\n<p data-path-to-node=\"12\">\u00c7anakkale; Kaz Da\u011flar\u0131&#8217;n\u0131n oksijeni, Assos&#8217;un tarihi dokusu ve Bozcaada ile G\u00f6k\u00e7eada&#8217;n\u0131n e\u015fsiz atmosferiyle devasa bir turizm potansiyeline sahip. Klasik yaz turizminin yerini giderek do\u011fa ve deneyim turizminin almas\u0131, b\u00f6lgeyi benzersiz k\u0131l\u0131yor.<\/p>\n<ul data-path-to-node=\"13\">\n<li>\n<p data-path-to-node=\"13,0,0\"><b data-path-to-node=\"13,0,0\" data-index-in-node=\"0\">Kaz Da\u011flar\u0131<\/b> eteklerinde glamping (l\u00fcks \u00e7ad\u0131r kamp\u0131) ve ekolojik k\u00f6y projeleri h\u0131zla b\u00fcy\u00fcyor.<\/p>\n<\/li>\n<li>\n<p data-path-to-node=\"13,1,0\">Y\u0131l\u0131n 12 ay\u0131 hizmet verebilen butik otel konseptleri, k\u0131sa vadede yat\u0131r\u0131m\u0131n geri d\u00f6n\u00fc\u015f\u00fcn\u00fc h\u0131zland\u0131r\u0131yor.<\/p>\n<\/li>\n<li>\n<p data-path-to-node=\"13,2,0\">Tarih, gastronomi ve do\u011fa turizminin birle\u015fti\u011fi rotalar y\u00fcksek gelir grubu turistleri b\u00f6lgeye \u00e7ekiyor.<\/p>\n<\/li>\n<\/ul>\n<h5 data-path-to-node=\"14\">4. Bereketli Topraklar: Tar\u0131m ve Ba\u011fc\u0131l\u0131k<\/h5>\n<p data-path-to-node=\"15\">\u00c7anakkale&#8217;nin verimli topraklar\u0131, modern tar\u0131m uygulamalar\u0131 ve tar\u0131ma dayal\u0131 sanayi i\u00e7in bi\u00e7ilmi\u015f kaftan. \u00d6zellikle Ezine ve Bayrami\u00e7 y\u00f6resi, marka de\u011feri y\u00fcksek \u00fcr\u00fcnleriyle \u00f6ne \u00e7\u0131k\u0131yor.<\/p>\n<ul data-path-to-node=\"16\">\n<li>\n<p data-path-to-node=\"16,0,0\">Zeytinya\u011f\u0131 \u00fcretimi ve zeytinlik yat\u0131r\u0131mlar\u0131 uzun vadeli ve g\u00fcvenilir bir liman olmaya devam ediyor.<\/p>\n<\/li>\n<li>\n<p data-path-to-node=\"16,1,0\">Bozcaada ve tarihi yar\u0131mada \u00e7evresinde ba\u011fc\u0131l\u0131k ile \u015farap turizmi, ni\u015f yat\u0131r\u0131mc\u0131lar i\u00e7in harika f\u0131rsatlar sunuyor.<\/p>\n<\/li>\n<li>\n<p data-path-to-node=\"16,2,0\">Ceviz ve badem gibi katma de\u011feri y\u00fcksek, bak\u0131m\u0131 nispeten kolay meyve bah\u00e7esi yat\u0131r\u0131mlar\u0131 art\u0131\u015f g\u00f6steriyor.<\/p>\n<\/li>\n<\/ul>\n","protected":false},"excerpt":{"rendered":"<p>Marmara ve Ege&#8217;nin kesi\u015fim noktas\u0131nda yer alan \u00c7anakkale, sadece \u015fanl\u0131 tarihi ve do\u011fal g\u00fczellikleriyle de\u011fil, son y\u0131llarda sundu\u011fu devasa yat\u0131r\u0131m f\u0131rsatlar\u0131yla da yat\u0131r\u0131mc\u0131lar\u0131n radar\u0131nda ilk s\u0131ralarda yer al\u0131yor. \u00d6zellikle 1915 \u00c7anakkale K\u00f6pr\u00fcs\u00fc&#8217;n\u00fcn b\u00f6lge ekonomisine entegre olmas\u0131yla birlikte, 2026 y\u0131l\u0131 itibar\u0131yla \u015fehir yepyeni bir vizyona kavu\u015ftu. Peki, portf\u00f6y\u00fcn\u00fcz\u00fc geni\u015fletmek veya yeni bir giri\u015fime imza atmak i\u00e7in [&hellip;]<\/p>\n","protected":false},"author":1,"featured_media":66,"comment_status":"open","ping_status":"open","sticky":false,"template":"","format":"standard","meta":{"_acf_changed":false,"footnotes":""},"categories":[1],"tags":[],"class_list":["post-65","post","type-post","status-publish","format-standard","has-post-thumbnail","hentry","category-uncategorized"],"acf":[],"_links":{"self":[{"href":"https:\/\/profaj.co\/karpasgenel\/wp-json\/wp\/v2\/posts\/65","targetHints":{"allow":["GET"]}}],"collection":[{"href":"https:\/\/profaj.co\/karpasgenel\/wp-json\/wp\/v2\/posts"}],"about":[{"href":"https:\/\/profaj.co\/karpasgenel\/wp-json\/wp\/v2\/types\/post"}],"author":[{"embeddable":true,"href":"https:\/\/profaj.co\/karpasgenel\/wp-json\/wp\/v2\/users\/1"}],"replies":[{"embeddable":true,"href":"https:\/\/profaj.co\/karpasgenel\/wp-json\/wp\/v2\/comments?post=65"}],"version-history":[{"count":5,"href":"https:\/\/profaj.co\/karpasgenel\/wp-json\/wp\/v2\/posts\/65\/revisions"}],"predecessor-version":[{"id":536,"href":"https:\/\/profaj.co\/karpasgenel\/wp-json\/wp\/v2\/posts\/65\/revisions\/536"}],"wp:featuredmedia":[{"embeddable":true,"href":"https:\/\/profaj.co\/karpasgenel\/wp-json\/wp\/v2\/media\/66"}],"wp:attachment":[{"href":"https:\/\/profaj.co\/karpasgenel\/wp-json\/wp\/v2\/media?parent=65"}],"wp:term":[{"taxonomy":"category","embeddable":true,"href":"https:\/\/profaj.co\/karpasgenel\/wp-json\/wp\/v2\/categories?post=65"},{"taxonomy":"post_tag","embeddable":true,"href":"https:\/\/profaj.co\/karpasgenel\/wp-json\/wp\/v2\/tags?post=65"}],"curies":[{"name":"wp","href":"https:\/\/api.w.org\/{rel}","templated":true}]}}