{"id":1,"date":"2025-03-20T10:01:41","date_gmt":"2025-03-20T10:01:41","guid":{"rendered":"https:\/\/profaj.co\/lego\/?p=1"},"modified":"2025-03-20T11:02:09","modified_gmt":"2025-03-20T11:02:09","slug":"kusadasinda-gayrimenkul-yatirimi","status":"publish","type":"post","link":"https:\/\/profaj.co\/lego\/2025\/03\/20\/kusadasinda-gayrimenkul-yatirimi\/","title":{"rendered":"Ku\u015fadas\u0131\u2019nda Gayrimenkul Yat\u0131r\u0131m\u0131"},"content":{"rendered":"\r\n<p class=\"wp-block-paragraph\" data-start=\"127\" data-end=\"398\">Ku\u015fadas\u0131,\u00a0<strong data-start=\"137\" data-end=\"194\">turizm potansiyeli, geli\u015fen altyap\u0131s\u0131 ve artan talebi<\/strong>\u00a0ile gayrimenkul yat\u0131r\u0131m\u0131 i\u00e7in cazip lokasyonlardan biridir.\u00a0<strong data-start=\"255\" data-end=\"315\">Deniz manzaral\u0131 daireler, tatil k\u00f6yleri ve l\u00fcks villalar<\/strong>, hem oturum hem de y\u00fcksek kira getirisi a\u00e7\u0131s\u0131ndan yat\u0131r\u0131mc\u0131lara avantaj sunuyor.<\/p>\r\n<p data-start=\"400\" data-end=\"668\">B\u00f6lgedeki emlak piyasas\u0131,\u00a0<strong data-start=\"426\" data-end=\"486\">yabanc\u0131 yat\u0131r\u0131mc\u0131lar\u0131n ilgisi ve yerli al\u0131c\u0131lar\u0131n talebi<\/strong>\u00a0sayesinde s\u00fcrekli b\u00fcy\u00fcyor. \u00d6zellikle\u00a0<strong data-start=\"524\" data-end=\"573\">De\u011firmendere, T\u00fcrkmen Mahallesi ve G\u00fczel\u00e7aml\u0131<\/strong>\u00a0gibi b\u00f6lgeler, k\u0131sa s\u00fcrede\u00a0<strong data-start=\"601\" data-end=\"624\">y\u00fcksek de\u011fer art\u0131\u015f\u0131<\/strong>\u00a0g\u00f6steren lokasyonlar aras\u0131nda yer al\u0131yor.<\/p>\r\n<p data-start=\"670\" data-end=\"868\">Uzun vadeli kazan\u00e7 arayan yat\u0131r\u0131mc\u0131lar i\u00e7in\u00a0<strong data-start=\"714\" data-end=\"754\">kiralama potansiyeli y\u00fcksek daireler<\/strong>\u00a0ve\u00a0<strong data-start=\"758\" data-end=\"792\">turistik b\u00f6lgelerdeki konutlar<\/strong>, y\u0131l\u0131n her d\u00f6neminde\u00a0<strong data-start=\"814\" data-end=\"833\">getiri sa\u011flayan<\/strong>\u00a0yat\u0131r\u0131mlar aras\u0131nda \u00f6ne \u00e7\u0131k\u0131yor.<\/p>\r\n","protected":false},"excerpt":{"rendered":"<p>Ku\u015fadas\u0131,\u00a0turizm potansiyeli, geli\u015fen altyap\u0131s\u0131 ve artan talebi\u00a0ile gayrimenkul yat\u0131r\u0131m\u0131 i\u00e7in cazip lokasyonlardan biridir.\u00a0Deniz manzaral\u0131 daireler, tatil k\u00f6yleri ve l\u00fcks villalar, hem oturum hem de y\u00fcksek kira getirisi a\u00e7\u0131s\u0131ndan yat\u0131r\u0131mc\u0131lara avantaj sunuyor. B\u00f6lgedeki emlak piyasas\u0131,\u00a0yabanc\u0131 yat\u0131r\u0131mc\u0131lar\u0131n ilgisi ve yerli al\u0131c\u0131lar\u0131n talebi\u00a0sayesinde s\u00fcrekli b\u00fcy\u00fcyor. \u00d6zellikle\u00a0De\u011firmendere, T\u00fcrkmen Mahallesi ve G\u00fczel\u00e7aml\u0131\u00a0gibi b\u00f6lgeler, k\u0131sa s\u00fcrede\u00a0y\u00fcksek&#8230; <\/p>\n<div class=\"readmore\"><a href=\"https:\/\/profaj.co\/lego\/2025\/03\/20\/kusadasinda-gayrimenkul-yatirimi\/\" class=\"btn-link\">Read more<\/a><\/div>\n","protected":false},"author":1,"featured_media":1572,"comment_status":"open","ping_status":"open","sticky":false,"template":"","format":"standard","meta":{"_acf_changed":false,"footnotes":""},"categories":[1],"tags":[],"class_list":["post-1","post","type-post","status-publish","format-standard","has-post-thumbnail","hentry","category-blog"],"acf":[],"_links":{"self":[{"href":"https:\/\/profaj.co\/lego\/wp-json\/wp\/v2\/posts\/1","targetHints":{"allow":["GET"]}}],"collection":[{"href":"https:\/\/profaj.co\/lego\/wp-json\/wp\/v2\/posts"}],"about":[{"href":"https:\/\/profaj.co\/lego\/wp-json\/wp\/v2\/types\/post"}],"author":[{"embeddable":true,"href":"https:\/\/profaj.co\/lego\/wp-json\/wp\/v2\/users\/1"}],"replies":[{"embeddable":true,"href":"https:\/\/profaj.co\/lego\/wp-json\/wp\/v2\/comments?post=1"}],"version-history":[{"count":3,"href":"https:\/\/profaj.co\/lego\/wp-json\/wp\/v2\/posts\/1\/revisions"}],"predecessor-version":[{"id":1575,"href":"https:\/\/profaj.co\/lego\/wp-json\/wp\/v2\/posts\/1\/revisions\/1575"}],"wp:featuredmedia":[{"embeddable":true,"href":"https:\/\/profaj.co\/lego\/wp-json\/wp\/v2\/media\/1572"}],"wp:attachment":[{"href":"https:\/\/profaj.co\/lego\/wp-json\/wp\/v2\/media?parent=1"}],"wp:term":[{"taxonomy":"category","embeddable":true,"href":"https:\/\/profaj.co\/lego\/wp-json\/wp\/v2\/categories?post=1"},{"taxonomy":"post_tag","embeddable":true,"href":"https:\/\/profaj.co\/lego\/wp-json\/wp\/v2\/tags?post=1"}],"curies":[{"name":"wp","href":"https:\/\/api.w.org\/{rel}","templated":true}]}}