{"id":5418,"date":"2025-03-19T13:45:25","date_gmt":"2025-03-19T13:45:25","guid":{"rendered":"https:\/\/profaj.co\/legoinsaatweb\/?p=5418"},"modified":"2025-03-19T14:00:09","modified_gmt":"2025-03-19T14:00:09","slug":"yukselen-deger-bolgeler-ve-karli-projeler","status":"publish","type":"post","link":"https:\/\/profaj.co\/legoinsaatweb\/yukselen-deger-bolgeler-ve-karli-projeler\/","title":{"rendered":"Y\u00fckselen De\u011fer B\u00f6lgeler ve Karl\u0131 Projeler"},"content":{"rendered":"<p data-start=\"1888\" data-end=\"2187\">Ku\u015fadas\u0131, <strong data-start=\"1898\" data-end=\"2001\">hem yerli hem de yabanc\u0131 yat\u0131r\u0131mc\u0131lar i\u00e7in son y\u0131llarda de\u011fer kazanan en \u00f6nemli lokasyonlardan biri<\/strong> haline geldi. <strong data-start=\"2016\" data-end=\"2065\">Ege\u2019nin en g\u00f6zde turistik merkezlerinden biri<\/strong> olan Ku\u015fadas\u0131, sadece yaz sezonunda de\u011fil, <strong data-start=\"2109\" data-end=\"2165\">y\u0131l boyunca ya\u015fanabilir iklimi ve geli\u015fmi\u015f altyap\u0131s\u0131<\/strong> ile dikkat \u00e7ekiyor.<\/p>\n<p data-start=\"2189\" data-end=\"2427\">Son d\u00f6nemde \u00f6zellikle <strong data-start=\"2211\" data-end=\"2270\">De\u011firmendere, T\u00fcrkmen Mahallesi ve G\u00fczel\u00e7aml\u0131 b\u00f6lgeleri<\/strong>, yat\u0131r\u0131mc\u0131lar i\u00e7in b\u00fcy\u00fck f\u0131rsatlar sunuyor. <strong data-start=\"2315\" data-end=\"2424\">Bu b\u00f6lgelerdeki yeni konut projeleri, y\u00fcksek kira getirisi ve de\u011fer art\u0131\u015f\u0131 potansiyeli ile dikkat \u00e7ekiyor<\/strong>.<\/p>\n<h4 data-start=\"2429\" data-end=\"2482\"><strong data-start=\"2434\" data-end=\"2480\">Ku\u015fadas\u0131\u2019nda Yat\u0131r\u0131m Yapman\u0131n Avantajlar\u0131:<\/strong><\/h4>\n<p data-start=\"2483\" data-end=\"2987\">\u2714 <strong data-start=\"2485\" data-end=\"2508\">Turizm Potansiyeli:<\/strong> Tatil sezonunda <strong data-start=\"2525\" data-end=\"2574\">y\u00fcksek doluluk oran\u0131na sahip kiral\u0131k konutlar<\/strong>, k\u0131sa s\u00fcrede yat\u0131r\u0131m geri d\u00f6n\u00fc\u015f\u00fc sa\u011fl\u0131yor.<br data-start=\"2617\" data-end=\"2620\" \/>\u2714 <strong data-start=\"2622\" data-end=\"2651\">Yabanc\u0131 Yat\u0131r\u0131mc\u0131 Talebi:<\/strong> Ku\u015fadas\u0131, <strong data-start=\"2662\" data-end=\"2719\">Avrupa ve Orta Do\u011fu\u2019daki yat\u0131r\u0131mc\u0131lar\u0131n ilgi oda\u011f\u0131nda<\/strong>.<br data-start=\"2720\" data-end=\"2723\" \/>\u2714 <strong data-start=\"2725\" data-end=\"2746\">Ula\u015f\u0131m Kolayl\u0131\u011f\u0131:<\/strong> \u0130zmir\u2019e yak\u0131n konumu ve <strong data-start=\"2771\" data-end=\"2801\">yenilenen ula\u015f\u0131m altyap\u0131s\u0131<\/strong>, b\u00f6lgeye olan ilgiyi art\u0131r\u0131yor.<br data-start=\"2833\" data-end=\"2836\" \/>\u2714 <strong data-start=\"2838\" data-end=\"2856\">Yeni Projeler:<\/strong> <strong data-start=\"2857\" data-end=\"2909\">Kiraztepe Konutlar\u0131 ve Adatepe Premium Villalar\u0131<\/strong> gibi projeler, <strong data-start=\"2925\" data-end=\"2984\">hem oturum hem de yat\u0131r\u0131m i\u00e7in cazip se\u00e7enekler sunuyor<\/strong>.<\/p>\n<p data-start=\"2989\" data-end=\"3250\">Ku\u015fadas\u0131\u2019nda yat\u0131r\u0131m yapmay\u0131 d\u00fc\u015f\u00fcnenler i\u00e7in <strong data-start=\"3034\" data-end=\"3131\">\u00f6zellikle tamamlanm\u0131\u015f ve in\u015faat a\u015famas\u0131ndaki projeleri kar\u015f\u0131la\u015ft\u0131rarak karar vermek \u00f6nemlidir<\/strong>. <strong data-start=\"3133\" data-end=\"3189\">B\u00f6lgenin gelecekte daha da de\u011ferlenece\u011fi \u00f6ng\u00f6r\u00fcl\u00fcyor<\/strong>, bu nedenle <strong data-start=\"3202\" data-end=\"3247\">erken yat\u0131r\u0131m yapanlar avantaj sa\u011flayacak<\/strong>.<\/p>\n<p data-start=\"3252\" data-end=\"3431\"><strong data-start=\"3255\" data-end=\"3429\">Siz de y\u00fcksek kira getirisi ve de\u011fer art\u0131\u015f\u0131 potansiyeline sahip bir yat\u0131r\u0131m yapmak istiyorsan\u0131z, Ku\u015fadas\u0131\u2019ndaki en yeni f\u0131rsatlar\u0131 ke\u015ffetmek i\u00e7in bizimle <a href=\"https:\/\/profaj.co\/legoinsaatweb\/iletisim\/\">ileti\u015fime<\/a> ge\u00e7in!<\/strong><\/p>\n","protected":false},"excerpt":{"rendered":"<p>Ku\u015fadas\u0131, hem yerli hem de yabanc\u0131 yat\u0131r\u0131mc\u0131lar i\u00e7in son y\u0131llarda de\u011fer kazanan en \u00f6nemli lokasyonlardan biri haline geldi. Ege\u2019nin en g\u00f6zde turistik merkezlerinden biri olan Ku\u015fadas\u0131, sadece yaz sezonunda de\u011fil, y\u0131l boyunca ya\u015fanabilir iklimi ve geli\u015fmi\u015f altyap\u0131s\u0131 ile dikkat \u00e7ekiyor. [&hellip;]<\/p>\n","protected":false},"author":1,"featured_media":3590,"comment_status":"closed","ping_status":"open","sticky":false,"template":"","format":"standard","meta":{"footnotes":""},"categories":[18],"tags":[],"class_list":["post-5418","post","type-post","status-publish","format-standard","has-post-thumbnail","hentry","category-yatirim-firsatlari"],"_links":{"self":[{"href":"https:\/\/profaj.co\/legoinsaatweb\/wp-json\/wp\/v2\/posts\/5418","targetHints":{"allow":["GET"]}}],"collection":[{"href":"https:\/\/profaj.co\/legoinsaatweb\/wp-json\/wp\/v2\/posts"}],"about":[{"href":"https:\/\/profaj.co\/legoinsaatweb\/wp-json\/wp\/v2\/types\/post"}],"author":[{"embeddable":true,"href":"https:\/\/profaj.co\/legoinsaatweb\/wp-json\/wp\/v2\/users\/1"}],"replies":[{"embeddable":true,"href":"https:\/\/profaj.co\/legoinsaatweb\/wp-json\/wp\/v2\/comments?post=5418"}],"version-history":[{"count":1,"href":"https:\/\/profaj.co\/legoinsaatweb\/wp-json\/wp\/v2\/posts\/5418\/revisions"}],"predecessor-version":[{"id":5419,"href":"https:\/\/profaj.co\/legoinsaatweb\/wp-json\/wp\/v2\/posts\/5418\/revisions\/5419"}],"wp:featuredmedia":[{"embeddable":true,"href":"https:\/\/profaj.co\/legoinsaatweb\/wp-json\/wp\/v2\/media\/3590"}],"wp:attachment":[{"href":"https:\/\/profaj.co\/legoinsaatweb\/wp-json\/wp\/v2\/media?parent=5418"}],"wp:term":[{"taxonomy":"category","embeddable":true,"href":"https:\/\/profaj.co\/legoinsaatweb\/wp-json\/wp\/v2\/categories?post=5418"},{"taxonomy":"post_tag","embeddable":true,"href":"https:\/\/profaj.co\/legoinsaatweb\/wp-json\/wp\/v2\/tags?post=5418"}],"curies":[{"name":"wp","href":"https:\/\/api.w.org\/{rel}","templated":true}]}}