{"id":22262,"date":"2025-09-24T14:13:41","date_gmt":"2025-09-24T14:13:41","guid":{"rendered":"https:\/\/profaj.co\/luxpoint\/?p=22262"},"modified":"2026-02-18T15:07:08","modified_gmt":"2026-02-18T15:07:08","slug":"egenin-yukselen-degeri-cesme-ve-izmirde-yatirimin-yeni-rotasi","status":"publish","type":"post","link":"https:\/\/profaj.co\/luxpoint\/egenin-yukselen-degeri-cesme-ve-izmirde-yatirimin-yeni-rotasi\/","title":{"rendered":"Ege\u2019nin Y\u00fckselen De\u011feri: \u00c7e\u015fme ve \u0130zmir\u2019de Yat\u0131r\u0131m\u0131n Yeni Rotas\u0131"},"content":{"rendered":"<p data-path-to-node=\"20\">Son y\u0131llarda de\u011fi\u015fen ya\u015fam al\u0131\u015fkanl\u0131klar\u0131 ve uzaktan \u00e7al\u0131\u015fma modellerinin kal\u0131c\u0131 hale gelmesi, T\u00fcrkiye\u2019deki gayrimenkul haritas\u0131n\u0131 yeniden \u015fekillendirdi. Bu de\u011fi\u015fimin merkez \u00fcss\u00fc ise \u015f\u00fcphesiz \u0130zmir ve \u00c7e\u015fme hatt\u0131 oldu. Eskiden sadece &#8220;yazl\u0131k&#8221; olarak g\u00f6r\u00fclen \u00c7e\u015fme, art\u0131k 12 ay ya\u015fayan, nitelikli g\u00f6\u00e7 alan ve altyap\u0131s\u0131 buna g\u00f6re evrilen bir &#8220;premium ya\u015fam merkezi&#8221;ne d\u00f6n\u00fc\u015fm\u00fc\u015f durumda.<\/p>\n<p data-path-to-node=\"21\">\u00d6zellikle Ala\u00e7at\u0131 ve \u00e7evresindeki karakteristik ta\u015f evler ile Ovac\u0131k b\u00f6lgesindeki modern villa projeleri, arsa stokunun azalmas\u0131yla birlikte &#8220;ula\u015f\u0131lmas\u0131 zor ve de\u011feri s\u00fcrekli artan&#8221; bir stat\u00fcye eri\u015fti. S\u0131n\u0131rl\u0131 arz ve s\u00fcrekli artan talep dengesi, bu b\u00f6lgedeki m\u00fclklerin d\u00f6viz baz\u0131nda dahi her y\u0131l istikrarl\u0131 bir \u015fekilde de\u011fer kazanmas\u0131n\u0131 sa\u011fl\u0131yor. Buras\u0131 art\u0131k bir tatil beldesi de\u011fil, uluslararas\u0131 standartlarda bir yat\u0131r\u0131m b\u00f6lgesidir.<\/p>\n<p data-path-to-node=\"22\">Di\u011fer taraftan \u0130zmir \u015fehir merkezi, &#8220;Tower Life&#8221; konseptiyle bamba\u015fka bir kimli\u011fe b\u00fcr\u00fcn\u00fcyor. Bayrakl\u0131 ve \u00e7evresinde y\u00fckselen modern kuleler, sadece konut ihtiyac\u0131n\u0131 de\u011fil, b\u00f6lgenin ticaret hacmini de yukar\u0131 ta\u015f\u0131yor. Kurumsal \u015firketlerin operasyon merkezlerini \u0130zmir\u2019e ta\u015f\u0131mas\u0131, l\u00fcks rezidans ve A+ ofis ihtiyac\u0131n\u0131 tetikleyerek yat\u0131r\u0131mc\u0131lar i\u00e7in y\u00fcksek kira \u00e7arpanl\u0131 f\u0131rsatlar do\u011furuyor.<\/p>\n<p data-path-to-node=\"23\">Bu b\u00f6lgede yat\u0131r\u0131m yaparken &#8220;lokal dinamikleri&#8221; bilmek hayati \u00f6nem ta\u015f\u0131r. Hangi koyun imara a\u00e7\u0131laca\u011f\u0131, hangi b\u00f6lgeye yeni bir marina veya ula\u015f\u0131m aks\u0131 planland\u0131\u011f\u0131 bilgisi, yat\u0131r\u0131m\u0131n kaderini belirler. Lux Point olarak b\u00f6lgedeki g\u00fc\u00e7l\u00fc a\u011f\u0131m\u0131zla bu geli\u015fmeleri \u00f6nceden \u00f6ng\u00f6r\u00fcyor ve yat\u0131r\u0131mc\u0131lar\u0131m\u0131z\u0131 hen\u00fcz &#8220;herkes duymadan&#8221; do\u011fru noktalara y\u00f6nlendiriyoruz.<\/p>\n<p data-path-to-node=\"24\">\u0130zmir ve \u00c7e\u015fme, \u00f6n\u00fcm\u00fczdeki 10 y\u0131l boyunca T\u00fcrkiye\u2019nin en prestijli gayrimenkul pazar\u0131 olmaya aday. Bu d\u00f6n\u00fc\u015f\u00fcm\u00fcn par\u00e7as\u0131 olmak ve b\u00f6lgenin sundu\u011fu f\u0131rsatlar\u0131, do\u011fru fiyatland\u0131rma ile portf\u00f6y\u00fcn\u00fcze eklemek i\u00e7in ge\u00e7 kalmay\u0131n.<\/p>\n","protected":false},"excerpt":{"rendered":"<p>\u0130zmir ve \u00c7e\u015fme, beyaz yakal\u0131 g\u00f6\u00e7\u00fc ve nitelikli konut projeleriyle T\u00fcrkiye\u2019nin yeni ya\u015fam \u00fcss\u00fc oluyor. B\u00f6lgedeki gayrimenkul hareketlili\u011fini ve gelecek projeksiyonunu analiz ettik.<\/p>\n","protected":false},"author":1,"featured_media":33512,"comment_status":"closed","ping_status":"open","sticky":false,"template":"","format":"standard","meta":{"footnotes":""},"categories":[118],"tags":[],"class_list":["post-22262","post","type-post","status-publish","format-standard","has-post-thumbnail","hentry","category-blog"],"_links":{"self":[{"href":"https:\/\/profaj.co\/luxpoint\/wp-json\/wp\/v2\/posts\/22262","targetHints":{"allow":["GET"]}}],"collection":[{"href":"https:\/\/profaj.co\/luxpoint\/wp-json\/wp\/v2\/posts"}],"about":[{"href":"https:\/\/profaj.co\/luxpoint\/wp-json\/wp\/v2\/types\/post"}],"author":[{"embeddable":true,"href":"https:\/\/profaj.co\/luxpoint\/wp-json\/wp\/v2\/users\/1"}],"replies":[{"embeddable":true,"href":"https:\/\/profaj.co\/luxpoint\/wp-json\/wp\/v2\/comments?post=22262"}],"version-history":[{"count":3,"href":"https:\/\/profaj.co\/luxpoint\/wp-json\/wp\/v2\/posts\/22262\/revisions"}],"predecessor-version":[{"id":33269,"href":"https:\/\/profaj.co\/luxpoint\/wp-json\/wp\/v2\/posts\/22262\/revisions\/33269"}],"wp:featuredmedia":[{"embeddable":true,"href":"https:\/\/profaj.co\/luxpoint\/wp-json\/wp\/v2\/media\/33512"}],"wp:attachment":[{"href":"https:\/\/profaj.co\/luxpoint\/wp-json\/wp\/v2\/media?parent=22262"}],"wp:term":[{"taxonomy":"category","embeddable":true,"href":"https:\/\/profaj.co\/luxpoint\/wp-json\/wp\/v2\/categories?post=22262"},{"taxonomy":"post_tag","embeddable":true,"href":"https:\/\/profaj.co\/luxpoint\/wp-json\/wp\/v2\/tags?post=22262"}],"curies":[{"name":"wp","href":"https:\/\/api.w.org\/{rel}","templated":true}]}}