{"id":1,"date":"2025-02-20T10:28:14","date_gmt":"2025-02-20T10:28:14","guid":{"rendered":"https:\/\/profaj.co\/miainterior2\/?p=1"},"modified":"2025-02-27T14:22:34","modified_gmt":"2025-02-27T14:22:34","slug":"modern-ic-mekan-tasariminda-guncel-trendler","status":"publish","type":"post","link":"https:\/\/profaj.co\/miainterior2\/modern-ic-mekan-tasariminda-guncel-trendler\/","title":{"rendered":"Modern \u0130\u00e7 Mekan Tasar\u0131m\u0131nda G\u00fcncel Trendler"},"content":{"rendered":"\r\n<p class=\"wp-block-paragraph\" data-start=\"516\" data-end=\"690\">\u0130\u00e7 mekan tasar\u0131m\u0131 s\u00fcrekli evrilen bir aland\u0131r ve MIA INTERIOR &amp; ARCHITECTURE, en son trendleri yak\u0131ndan takip etmektedir. Bu blog yaz\u0131s\u0131nda, a\u015fa\u011f\u0131daki konulara de\u011finilebilir:<\/p>\r\n<ul data-start=\"692\" data-end=\"1117\">\r\n<li data-start=\"692\" data-end=\"854\">\r\n<p data-start=\"694\" data-end=\"854\"><strong data-start=\"694\" data-end=\"727\">Do\u011fal Malzemelerin Kullan\u0131m\u0131:<\/strong> Ah\u015fap, ta\u015f ve mermer gibi do\u011fal malzemelerin modern i\u00e7 mekanlarda nas\u0131l kullan\u0131ld\u0131\u011f\u0131 ve mekanlara katt\u0131\u011f\u0131 s\u0131cakl\u0131k ve estetik.<\/p>\r\n<\/li>\r\n<li data-start=\"856\" data-end=\"988\">\r\n<p data-start=\"858\" data-end=\"988\"><strong data-start=\"858\" data-end=\"894\">Minimalist Tasar\u0131m Yakla\u015f\u0131mlar\u0131:<\/strong> Az e\u015fya ile ferah ve i\u015flevsel alanlar yaratman\u0131n p\u00fcf noktalar\u0131 ve minimalist esteti\u011fin \u00f6nemi.<\/p>\r\n<\/li>\r\n<li data-start=\"990\" data-end=\"1117\">\r\n<p data-start=\"992\" data-end=\"1117\"><strong data-start=\"992\" data-end=\"1025\">Renk Paletleri ve Ayd\u0131nlatma:<\/strong> N\u00f6tr tonlar\u0131n ve do\u011fru ayd\u0131nlatman\u0131n mekan\u0131n atmosferini nas\u0131l etkiledi\u011fi \u00fczerine ipu\u00e7lar\u0131.<\/p>\r\n<\/li>\r\n<\/ul>\r\n","protected":false},"excerpt":{"rendered":"<p>\u0130\u00e7 mekan tasar\u0131m\u0131 s\u00fcrekli evrilen bir aland\u0131r ve MIA INTERIOR &amp; ARCHITECTURE, en son trendleri yak\u0131ndan takip etmektedir. Bu blog yaz\u0131s\u0131nda, a\u015fa\u011f\u0131daki konulara de\u011finilebilir: Do\u011fal Malzemelerin Kullan\u0131m\u0131: Ah\u015fap, ta\u015f ve mermer gibi do\u011fal malzemelerin modern i\u00e7 mekanlarda nas\u0131l kullan\u0131ld\u0131\u011f\u0131 ve mekanlara katt\u0131\u011f\u0131 s\u0131cakl\u0131k ve estetik. Minimalist Tasar\u0131m Yakla\u015f\u0131mlar\u0131: Az e\u015fya ile ferah ve i\u015flevsel alanlar [&hellip;]<\/p>\n","protected":false},"author":1,"featured_media":644,"comment_status":"open","ping_status":"open","sticky":false,"template":"","format":"standard","meta":{"_acf_changed":false,"footnotes":""},"categories":[1],"tags":[],"class_list":["post-1","post","type-post","status-publish","format-standard","has-post-thumbnail","hentry","category-uncategorized"],"acf":[],"_links":{"self":[{"href":"https:\/\/profaj.co\/miainterior2\/wp-json\/wp\/v2\/posts\/1","targetHints":{"allow":["GET"]}}],"collection":[{"href":"https:\/\/profaj.co\/miainterior2\/wp-json\/wp\/v2\/posts"}],"about":[{"href":"https:\/\/profaj.co\/miainterior2\/wp-json\/wp\/v2\/types\/post"}],"author":[{"embeddable":true,"href":"https:\/\/profaj.co\/miainterior2\/wp-json\/wp\/v2\/users\/1"}],"replies":[{"embeddable":true,"href":"https:\/\/profaj.co\/miainterior2\/wp-json\/wp\/v2\/comments?post=1"}],"version-history":[{"count":2,"href":"https:\/\/profaj.co\/miainterior2\/wp-json\/wp\/v2\/posts\/1\/revisions"}],"predecessor-version":[{"id":1040,"href":"https:\/\/profaj.co\/miainterior2\/wp-json\/wp\/v2\/posts\/1\/revisions\/1040"}],"wp:featuredmedia":[{"embeddable":true,"href":"https:\/\/profaj.co\/miainterior2\/wp-json\/wp\/v2\/media\/644"}],"wp:attachment":[{"href":"https:\/\/profaj.co\/miainterior2\/wp-json\/wp\/v2\/media?parent=1"}],"wp:term":[{"taxonomy":"category","embeddable":true,"href":"https:\/\/profaj.co\/miainterior2\/wp-json\/wp\/v2\/categories?post=1"},{"taxonomy":"post_tag","embeddable":true,"href":"https:\/\/profaj.co\/miainterior2\/wp-json\/wp\/v2\/tags?post=1"}],"curies":[{"name":"wp","href":"https:\/\/api.w.org\/{rel}","templated":true}]}}