{"id":1,"date":"2024-01-12T05:59:59","date_gmt":"2024-01-12T05:59:59","guid":{"rendered":"https:\/\/profaj.co\/mikron\/?p=1"},"modified":"2024-01-17T10:21:08","modified_gmt":"2024-01-17T10:21:08","slug":"ambalaj-sektorunun-onemi-ve-gelisimi","status":"publish","type":"post","link":"https:\/\/profaj.co\/mikron\/ambalaj-sektorunun-onemi-ve-gelisimi\/","title":{"rendered":"Ambalaj Sekt\u00f6r\u00fcn\u00fcn \u00d6nemi ve Geli\u015fimi"},"content":{"rendered":"\r\n<p class=\"wp-block-paragraph\">Ambalaj seekt\u00f6r\u00fc, \u00fcr\u00fcnlerin korunmas\u0131, ta\u015f\u0131nmas\u0131 ve pazarlanmas\u0131nda kritik bir rol oynar. Geli\u015fen teknolojiler ve de\u011fi\u015fen t\u00fcketici beklentileri, ambalaj tasar\u0131mlar\u0131nda ve malzemelerinde s\u00fcrekli yenilik gerektirmektedir. Bu sekt\u00f6r, s\u00fcrd\u00fcr\u00fclebilirlik ve yeniden kullan\u0131m gibi \u00e7evresel fakt\u00f6rlerle de yak\u0131ndan ili\u015fkilidir.<\/p>\r\n<p>Ambalaj, \u00fcr\u00fcnlerin tazeli\u011fini korumak, ta\u015f\u0131ma s\u0131ras\u0131nda hasar g\u00f6rmesini \u00f6nlemek ve raflarda dikkat \u00e7ekmek i\u00e7in \u00f6nemlidir. Ayr\u0131ca, ambalajlar\u0131n \u00e7evre \u00fczerindeki etkilerini azaltma y\u00f6n\u00fcnde de \u00f6nemli ad\u0131mlar at\u0131lmaktad\u0131r, bu da sekt\u00f6rdeki inovasyonun \u00f6nemini art\u0131r\u0131yor.<\/p>\r\n","protected":false},"excerpt":{"rendered":"<p>Ambalaj seekt\u00f6r\u00fc, \u00fcr\u00fcnlerin korunmas\u0131, ta\u015f\u0131nmas\u0131 ve pazarlanmas\u0131nda kritik bir rol oynar. Geli\u015fen teknolojiler ve de\u011fi\u015fen t\u00fcketici beklentileri, ambalaj tasar\u0131mlar\u0131nda ve malzemelerinde s\u00fcrekli yenilik gerektirmektedir. Bu sekt\u00f6r, s\u00fcrd\u00fcr\u00fclebilirlik ve yeniden kullan\u0131m gibi \u00e7evresel fakt\u00f6rlerle de yak\u0131ndan ili\u015fkilidir. Ambalaj, \u00fcr\u00fcnlerin tazeli\u011fini korumak, ta\u015f\u0131ma s\u0131ras\u0131nda hasar g\u00f6rmesini \u00f6nlemek ve raflarda dikkat \u00e7ekmek i\u00e7in \u00f6nemlidir. Ayr\u0131ca, ambalajlar\u0131n \u00e7evre \u00fczerindeki [&hellip;]<\/p>\n","protected":false},"author":1,"featured_media":521,"comment_status":"open","ping_status":"open","sticky":false,"template":"","format":"standard","meta":{"footnotes":""},"categories":[1],"tags":[],"class_list":["post-1","post","type-post","status-publish","format-standard","has-post-thumbnail","hentry","category-uncategorized"],"acf":[],"_links":{"self":[{"href":"https:\/\/profaj.co\/mikron\/wp-json\/wp\/v2\/posts\/1","targetHints":{"allow":["GET"]}}],"collection":[{"href":"https:\/\/profaj.co\/mikron\/wp-json\/wp\/v2\/posts"}],"about":[{"href":"https:\/\/profaj.co\/mikron\/wp-json\/wp\/v2\/types\/post"}],"author":[{"embeddable":true,"href":"https:\/\/profaj.co\/mikron\/wp-json\/wp\/v2\/users\/1"}],"replies":[{"embeddable":true,"href":"https:\/\/profaj.co\/mikron\/wp-json\/wp\/v2\/comments?post=1"}],"version-history":[{"count":2,"href":"https:\/\/profaj.co\/mikron\/wp-json\/wp\/v2\/posts\/1\/revisions"}],"predecessor-version":[{"id":522,"href":"https:\/\/profaj.co\/mikron\/wp-json\/wp\/v2\/posts\/1\/revisions\/522"}],"wp:featuredmedia":[{"embeddable":true,"href":"https:\/\/profaj.co\/mikron\/wp-json\/wp\/v2\/media\/521"}],"wp:attachment":[{"href":"https:\/\/profaj.co\/mikron\/wp-json\/wp\/v2\/media?parent=1"}],"wp:term":[{"taxonomy":"category","embeddable":true,"href":"https:\/\/profaj.co\/mikron\/wp-json\/wp\/v2\/categories?post=1"},{"taxonomy":"post_tag","embeddable":true,"href":"https:\/\/profaj.co\/mikron\/wp-json\/wp\/v2\/tags?post=1"}],"curies":[{"name":"wp","href":"https:\/\/api.w.org\/{rel}","templated":true}]}}