{"id":2744,"date":"2026-03-18T10:59:30","date_gmt":"2026-03-18T10:59:30","guid":{"rendered":"https:\/\/profaj.co\/rotaegitim\/?p=2744"},"modified":"2026-03-27T06:49:16","modified_gmt":"2026-03-27T06:49:16","slug":"akran-zorbaligi-gorunmeyeni-gormek-sessizligi-duymak","status":"publish","type":"post","link":"https:\/\/profaj.co\/rotaegitim\/akran-zorbaligi-gorunmeyeni-gormek-sessizligi-duymak\/","title":{"rendered":"Akran Zorbal\u0131\u011f\u0131: G\u00f6r\u00fcnmeyeni G\u00f6rmek, Sessizli\u011fi Duymak"},"content":{"rendered":"<p><span style=\"font-weight: 400;\">Akran zorbal\u0131\u011f\u0131 \u00e7o\u011fu zaman ba\u011f\u0131rarak de\u011fil, f\u0131s\u0131lt\u0131yla kendini g\u00f6sterir. Bir bak\u0131\u015fta, bir grup i\u00e7inde bilin\u00e7li olarak d\u0131\u015flamada, sosyal medyada g\u00f6nderilen k\u00fc\u00e7\u00fck ama k\u0131r\u0131c\u0131 bir mesajda ya da s\u0131n\u0131f ortam\u0131nda tekrar eden g\u00f6r\u00fcnmez davran\u0131\u015flarda ortaya \u00e7\u0131kabilir. Bu nedenle zorbal\u0131k her zaman a\u00e7\u0131k ve net de\u011fildir; \u00e7o\u011fu zaman sessizdir ve derin izler b\u0131rak\u0131r.<\/span><\/p>\n<p><span style=\"font-weight: 400;\">Her \u00e7ocu\u011fun en temel ihtiyac\u0131 aidiyet duygusudur. Bir \u00f6\u011frenci arkada\u015f grubuna kabul edildi\u011fini, de\u011fer g\u00f6rd\u00fc\u011f\u00fcn\u00fc ve anla\u015f\u0131labildi\u011fini hissetti\u011finde \u00f6zg\u00fcveni g\u00fc\u00e7lenir, \u00f6\u011frenme s\u00fcrecine daha aktif kat\u0131l\u0131r ve okuluyla g\u00fc\u00e7l\u00fc bir ba\u011f kurar. Ancak tam tersi durumda \u2014 d\u0131\u015flanma, alay edilme ya da sistematik k\u00fc\u00e7\u00fcmseme ya\u015fand\u0131\u011f\u0131nda \u2014 \u00e7ocuk zamanla kendini yetersiz, yaln\u0131z ve de\u011fersiz hissedebilir. Bu duygusal etkiler yaln\u0131zca anl\u0131k de\u011fildir; akademik performans\u0131, sosyal ili\u015fkileri ve karakter geli\u015fimini uzun vadede etkiler.<\/span><\/p>\n<p><span style=\"font-weight: 400;\">Zorbal\u0131\u011fa maruz kalan \u00f6\u011frenciler ya\u015fad\u0131klar\u0131n\u0131 her zaman a\u00e7\u0131k\u00e7a ifade edemez. Utan\u00e7, korku ya da durumun daha da b\u00fcy\u00fcmesinden duyulan endi\u015fe \u00e7o\u011fu zaman sessizli\u011fi beraberinde getirir. Bu noktada ailelerin ve e\u011fitimcilerin dikkatli g\u00f6zlemi ve empatik yakla\u015f\u0131m\u0131 kritik rol oynar. Okula gitmek istememe, arkada\u015f ortamlar\u0131ndan ka\u00e7\u0131nma, ani davran\u0131\u015f de\u011fi\u015fiklikleri, i\u00e7e kapanma ya da beklenmedik \u00f6fke tepkileri gibi k\u00fc\u00e7\u00fck g\u00f6r\u00fcnen i\u015faretler asl\u0131nda \u00f6nemli mesajlar ta\u015f\u0131r.<\/span><\/p>\n<p><span style=\"font-weight: 400;\">Zorbal\u0131kla m\u00fccadele yaln\u0131zca bir olay meydana geldi\u011finde m\u00fcdahale etmek de\u011fildir. As\u0131l g\u00fc\u00e7l\u00fc yakla\u015f\u0131m, \u00f6nleyici bir okul k\u00fclt\u00fcr\u00fc in\u015fa etmektir. Sayg\u0131y\u0131, empatiyi ve farkl\u0131l\u0131klara ho\u015fg\u00f6r\u00fcy\u00fc g\u00fcnl\u00fck e\u011fitim prati\u011finin do\u011fal bir par\u00e7as\u0131 haline getirmek uzun vadede koruyucu bir etki olu\u015fturur. Rehberlik \u00e7al\u0131\u015fmalar\u0131, sosyal-duygusal \u00f6\u011frenme etkinlikleri ve de\u011ferler e\u011fitimi uygulamalar\u0131 \u00f6\u011frencilerin sa\u011fl\u0131kl\u0131 ileti\u015fim becerileri geli\u015ftirmesine katk\u0131 sa\u011flar.<\/span><\/p>\n<p><span style=\"font-weight: 400;\">Bir zorbal\u0131k vakas\u0131 ya\u015fand\u0131\u011f\u0131nda s\u00fcre\u00e7 profesyonel, tarafs\u0131z ve \u00e7\u00f6z\u00fcm odakl\u0131 \u015fekilde y\u00f6netilmelidir. Taraflarla ayr\u0131 ayr\u0131 g\u00f6r\u00fc\u015fmeler yap\u0131lmas\u0131, olay\u0131n t\u00fcm boyutlar\u0131yla de\u011ferlendirilmesi ve geli\u015fim destekli bir plan haz\u0131rlanmas\u0131 \u00f6nemlidir. Ama\u00e7 yaln\u0131zca davran\u0131\u015f\u0131 cezaland\u0131rmak de\u011fil; davran\u0131\u015f\u0131n alt\u0131nda yatan nedenleri anlamak ve kal\u0131c\u0131 bir fark\u0131ndal\u0131k olu\u015fturmakt\u0131r.<\/span><\/p>\n<p><span style=\"font-weight: 400;\">Aile\u2013okul i\u015f birli\u011fi bu s\u00fcrecin en g\u00fc\u00e7l\u00fc dayana\u011f\u0131d\u0131r. A\u00e7\u0131k ileti\u015fim kanallar\u0131 sayesinde riskli durumlar erken fark edilir ve m\u00fcdahale daha sa\u011fl\u0131kl\u0131 ilerler. \u00c7ocuklar\u0131n kendilerini g\u00fcvende hissedebilece\u011fi bir okul ortam\u0131 olu\u015fturmak ortak sorumlulu\u011fumuzdur.<\/span><\/p>\n<p><span style=\"font-weight: 400;\">Ger\u00e7ek e\u011fitim ba\u015far\u0131s\u0131 yaln\u0131zca akademik sonu\u00e7larla de\u011fil, \u00f6\u011frencilerin birbirine sayg\u0131 duydu\u011fu, farkl\u0131l\u0131klar\u0131n zenginlik olarak kabul edildi\u011fi ve kimsenin kendini d\u0131\u015flanm\u0131\u015f hissetmedi\u011fi bir iklimle \u00f6l\u00e7\u00fcl\u00fcr. Akran zorbal\u0131\u011f\u0131na kar\u015f\u0131 bilin\u00e7li, kararl\u0131 ve duyarl\u0131 bir duru\u015f bu iklimin temelini olu\u015fturur.<\/span><\/p>\n<p><span style=\"font-weight: 400;\">Okulumuzda zorbal\u0131k konusunda fark\u0131ndal\u0131k olu\u015fturmay\u0131, \u00f6nleyici \u00e7al\u0131\u015fmalar\u0131 sistemli bi\u00e7imde y\u00fcr\u00fctmeyi ve herhangi bir risk durumunda h\u0131zl\u0131 aksiyon almay\u0131 \u00f6ncelik olarak g\u00f6r\u00fcyoruz. Rehberlik birimimiz, \u00f6\u011fretmenlerimiz ve y\u00f6netim kadromuz s\u00fcreci birlikte ve hassasiyetle takip eder. Her \u00f6\u011frencinin kendini g\u00fcvende, de\u011ferli ve ait hissetti\u011fi bir okul ortam\u0131 i\u00e7in \u00e7al\u0131\u015f\u0131yoruz. \u00c7\u00fcnk\u00fc biliyoruz ki g\u00fcven duygusu olmadan \u00f6\u011frenme, geli\u015fim ve sa\u011fl\u0131kl\u0131 sosyal ili\u015fkiler m\u00fcmk\u00fcn de\u011fildir.<\/span><\/p>\n<p><span style=\"font-weight: 400;\">E\u011fer \u00e7ocu\u011funuzun arkada\u015f ili\u015fkilerinde ya da okul s\u00fcrecinde sizi kayg\u0131land\u0131ran bir durum varsa bizimle ileti\u015fime ge\u00e7in. Erken fark edilen her durum, \u00e7\u00f6z\u00fcm i\u00e7in at\u0131lm\u0131\u015f g\u00fc\u00e7l\u00fc bir ad\u0131md\u0131r. Birlikte daha g\u00fcvenli ve daha g\u00fc\u00e7l\u00fc bir okul iklimi in\u015fa edelim. Sorular\u0131n\u0131z, g\u00f6zlemleriniz ya da payla\u015fmak istedi\u011finiz durumlar i\u00e7in rehberlik birimimiz ve s\u0131n\u0131f \u00f6\u011fretmenlerimizle ileti\u015fim kurmaktan \u00e7ekinmeyin.<\/span><\/p>\n","protected":false},"excerpt":{"rendered":"<p>Akran zorbal\u0131\u011f\u0131 \u00e7o\u011fu zaman ba\u011f\u0131rarak de\u011fil, f\u0131s\u0131lt\u0131yla kendini g\u00f6sterir. Bir bak\u0131\u015fta, bir grup i\u00e7inde bilin\u00e7li olarak d\u0131\u015flamada, sosyal medyada g\u00f6nderilen k\u00fc\u00e7\u00fck ama k\u0131r\u0131c\u0131 bir mesajda ya da s\u0131n\u0131f ortam\u0131nda tekrar eden g\u00f6r\u00fcnmez davran\u0131\u015flarda ortaya \u00e7\u0131kabilir. Bu nedenle zorbal\u0131k her zaman a\u00e7\u0131k ve net de\u011fildir; \u00e7o\u011fu zaman sessizdir ve derin izler b\u0131rak\u0131r. Her \u00e7ocu\u011fun en temel [&hellip;]<\/p>\n","protected":false},"author":1,"featured_media":2877,"comment_status":"open","ping_status":"open","sticky":false,"template":"","format":"standard","meta":{"_acf_changed":false,"footnotes":""},"categories":[1],"tags":[],"class_list":["post-2744","post","type-post","status-publish","format-standard","has-post-thumbnail","hentry","category-blog"],"acf":[],"_links":{"self":[{"href":"https:\/\/profaj.co\/rotaegitim\/wp-json\/wp\/v2\/posts\/2744","targetHints":{"allow":["GET"]}}],"collection":[{"href":"https:\/\/profaj.co\/rotaegitim\/wp-json\/wp\/v2\/posts"}],"about":[{"href":"https:\/\/profaj.co\/rotaegitim\/wp-json\/wp\/v2\/types\/post"}],"author":[{"embeddable":true,"href":"https:\/\/profaj.co\/rotaegitim\/wp-json\/wp\/v2\/users\/1"}],"replies":[{"embeddable":true,"href":"https:\/\/profaj.co\/rotaegitim\/wp-json\/wp\/v2\/comments?post=2744"}],"version-history":[{"count":2,"href":"https:\/\/profaj.co\/rotaegitim\/wp-json\/wp\/v2\/posts\/2744\/revisions"}],"predecessor-version":[{"id":2757,"href":"https:\/\/profaj.co\/rotaegitim\/wp-json\/wp\/v2\/posts\/2744\/revisions\/2757"}],"wp:featuredmedia":[{"embeddable":true,"href":"https:\/\/profaj.co\/rotaegitim\/wp-json\/wp\/v2\/media\/2877"}],"wp:attachment":[{"href":"https:\/\/profaj.co\/rotaegitim\/wp-json\/wp\/v2\/media?parent=2744"}],"wp:term":[{"taxonomy":"category","embeddable":true,"href":"https:\/\/profaj.co\/rotaegitim\/wp-json\/wp\/v2\/categories?post=2744"},{"taxonomy":"post_tag","embeddable":true,"href":"https:\/\/profaj.co\/rotaegitim\/wp-json\/wp\/v2\/tags?post=2744"}],"curies":[{"name":"wp","href":"https:\/\/api.w.org\/{rel}","templated":true}]}}