{"id":2746,"date":"2026-03-18T11:00:35","date_gmt":"2026-03-18T11:00:35","guid":{"rendered":"https:\/\/profaj.co\/rotaegitim\/?p=2746"},"modified":"2026-03-18T11:05:20","modified_gmt":"2026-03-18T11:05:20","slug":"teknoloji-bagimliligi-dijital-dunyada-dengeyi-kurmak-ve-cocuklarimizi-guclendirmek","status":"publish","type":"post","link":"https:\/\/profaj.co\/rotaegitim\/teknoloji-bagimliligi-dijital-dunyada-dengeyi-kurmak-ve-cocuklarimizi-guclendirmek\/","title":{"rendered":"Teknoloji Ba\u011f\u0131ml\u0131l\u0131\u011f\u0131: Dijital D\u00fcnyada Dengeyi Kurmak ve \u00c7ocuklar\u0131m\u0131z\u0131 G\u00fc\u00e7lendirmek"},"content":{"rendered":"<p><span style=\"font-weight: 400;\">Teknoloji art\u0131k hayat\u0131n bir tercihi de\u011fil, ger\u00e7e\u011fi. E\u011fitim s\u00fcre\u00e7leri dijital platformlarla destekleniyor, \u00f6devler \u00e7evrim i\u00e7i kaynaklarla ara\u015ft\u0131r\u0131l\u0131yor, ileti\u015fim ekranlar \u00fczerinden s\u00fcrd\u00fcr\u00fcl\u00fcyor. Ak\u0131ll\u0131 cihazlar \u00f6\u011frenmeyi kolayla\u015ft\u0131ran, bilgiye eri\u015fimi h\u0131zland\u0131ran ve d\u00fcnyay\u0131 s\u0131n\u0131flar\u0131n i\u00e7ine ta\u015f\u0131yan g\u00fc\u00e7l\u00fc ara\u00e7lar sunuyor. Ancak ayn\u0131 ara\u00e7lar kontrols\u00fcz kullan\u0131ld\u0131\u011f\u0131nda dikkat da\u011f\u0131n\u0131kl\u0131\u011f\u0131na, ba\u011f\u0131ml\u0131l\u0131k davran\u0131\u015flar\u0131na ve sosyal izolasyona zemin haz\u0131rlayabiliyor.<\/span><\/p>\n<p><span style=\"font-weight: 400;\">\u00c7ocuklar ve gen\u00e7ler dijital d\u00fcnyan\u0131n i\u00e7ine do\u011fmu\u015f bir nesil olarak teknolojiyle do\u011fal bir ba\u011f kuruyor. Oyunlar, sosyal medya uygulamalar\u0131 ve video i\u00e7erikleri \u00f6zellikle h\u0131zl\u0131 geri bildirim sistemi \u00fczerine kurulu yap\u0131lar\u0131yla beyni s\u00fcrekli uyar\u0131yor. Be\u011feniler, bildirimler ve \u00f6d\u00fcl mekanizmalar\u0131 k\u0131sa s\u00fcreli tatmin sa\u011flarken uzun vadede sab\u0131r, odaklanma ve derin d\u00fc\u015f\u00fcnme becerilerini zay\u0131flatabiliyor. Bu s\u00fcre\u00e7 fark edilmedi\u011finde teknoloji bir destek unsuru olmaktan \u00e7\u0131k\u0131p g\u00fcnl\u00fck hayat\u0131n y\u00f6nlendiricisi haline gelebiliyor.<\/span><\/p>\n<p><span style=\"font-weight: 400;\">Teknoloji ba\u011f\u0131ml\u0131l\u0131\u011f\u0131 yaln\u0131zca ekran ba\u015f\u0131nda ge\u00e7irilen s\u00fcreyle \u00f6l\u00e7\u00fclemez. As\u0131l belirleyici olan; \u00e7ocu\u011fun ekran d\u0131\u015f\u0131nda kalan zaman\u0131 nas\u0131l de\u011ferlendirdi\u011fi, sosyal ili\u015fkilerinin etkilenip etkilenmedi\u011fi, akademik motivasyonunun azal\u0131p azalmad\u0131\u011f\u0131 ve fiziksel hareket alan\u0131n\u0131n daral\u0131p daralmad\u0131\u011f\u0131d\u0131r. Aile i\u00e7inde ileti\u015fim azal\u0131yor, ortak payla\u015f\u0131mlar yerine bireysel ekran deneyimleri art\u0131yorsa burada bir denge sorunu olu\u015fmu\u015f olabilir.<\/span><\/p>\n<p><span style=\"font-weight: 400;\">Okullar bu noktada kritik bir rehberlik alan\u0131d\u0131r. E\u011fitim s\u00fcrecinde \u00f6\u011frencilerimize sadece cihaz kullanmay\u0131 de\u011fil, bilin\u00e7li ve ama\u00e7 odakl\u0131 kullanmay\u0131 \u00f6\u011fretmek temel hedef olmal\u0131d\u0131r. Dijital okuryazarl\u0131k, g\u00fcvenli internet bilinci, ki\u015fisel verilerin korunmas\u0131, siber zorbal\u0131k fark\u0131ndal\u0131\u011f\u0131 ve dijital etik gibi konular \u00f6\u011frencilerin erken ya\u015fta kazanmas\u0131 gereken becerilerdir. Teknoloji derslerin bir par\u00e7as\u0131 olabilir; ancak \u00f6\u011frencinin \u00f6\u011frenme motivasyonunu y\u00f6neten tek unsur olmamal\u0131d\u0131r.<\/span><\/p>\n<p><span style=\"font-weight: 400;\">Aileler i\u00e7in en etkili yakla\u015f\u0131m yasaklamak de\u011fil, s\u0131n\u0131r koymak ve model olmakt\u0131r. Ortak belirlenen ekran saatleri, yatak odas\u0131nda cihaz bulundurmama al\u0131\u015fkanl\u0131\u011f\u0131, yemek saatlerinde teknolojiden uzak kalma uygulamalar\u0131 ve \u201cteknolojisiz aile zaman\u0131\u201d gibi k\u00fc\u00e7\u00fck ama etkili ad\u0131mlar b\u00fcy\u00fck fark yarat\u0131r. \u00c7ocuklar s\u00f6zlerden \u00e7ok davran\u0131\u015flar\u0131 g\u00f6zlemler; ebeveynin kendi teknoloji kullan\u0131m\u0131ndaki dengesi, \u00e7ocu\u011fun al\u0131\u015fkanl\u0131klar\u0131n\u0131 do\u011frudan etkiler.<\/span><\/p>\n<p><span style=\"font-weight: 400;\">\u015eunu unutmamak gerekir: Teknoloji bir tehdit de\u011fil, bilin\u00e7siz kullan\u0131m tehdit olu\u015fturur. Do\u011fru rehberlik ile teknoloji; \u00fcretim, ara\u015ft\u0131rma, yarat\u0131c\u0131l\u0131k ve geli\u015fim alan\u0131na d\u00f6n\u00fc\u015febilir. Kod yazan, dijital i\u00e7erik \u00fcreten, ara\u015ft\u0131ran ve sorgulayan bir nesil yeti\u015ftirmek m\u00fcmk\u00fcnd\u00fcr. Bunun yolu tamamen uzakla\u015fmak de\u011fil, do\u011fru y\u00f6nlendirmekten ge\u00e7er.<\/span><\/p>\n<p><span style=\"font-weight: 400;\">Bizler e\u011fitim kurumlar\u0131 olarak \u00f6\u011frencilerimizin dijital d\u00fcnyay\u0131 bilin\u00e7li bir \u015fekilde kullanmas\u0131n\u0131, zaman\u0131 y\u00f6netebilmesini ve teknolojiyi hayat\u0131n\u0131n merkezine de\u011fil, destekleyici bir arac\u0131na d\u00f6n\u00fc\u015ft\u00fcrmesini hedefliyoruz. \u00c7\u00fcnk\u00fc g\u00fc\u00e7l\u00fc bir gelecek, dijital fark\u0131ndal\u0131\u011f\u0131 y\u00fcksek ve denge kurabilen bireylerle m\u00fcmk\u00fcn olacakt\u0131r.<\/span><\/p>\n","protected":false},"excerpt":{"rendered":"<p>Teknoloji art\u0131k hayat\u0131n bir tercihi de\u011fil, ger\u00e7e\u011fi. E\u011fitim s\u00fcre\u00e7leri dijital platformlarla destekleniyor, \u00f6devler \u00e7evrim i\u00e7i kaynaklarla ara\u015ft\u0131r\u0131l\u0131yor, ileti\u015fim ekranlar \u00fczerinden s\u00fcrd\u00fcr\u00fcl\u00fcyor. Ak\u0131ll\u0131 cihazlar \u00f6\u011frenmeyi kolayla\u015ft\u0131ran, bilgiye eri\u015fimi h\u0131zland\u0131ran ve d\u00fcnyay\u0131 s\u0131n\u0131flar\u0131n i\u00e7ine ta\u015f\u0131yan g\u00fc\u00e7l\u00fc ara\u00e7lar sunuyor. Ancak ayn\u0131 ara\u00e7lar kontrols\u00fcz kullan\u0131ld\u0131\u011f\u0131nda dikkat da\u011f\u0131n\u0131kl\u0131\u011f\u0131na, ba\u011f\u0131ml\u0131l\u0131k davran\u0131\u015flar\u0131na ve sosyal izolasyona zemin haz\u0131rlayabiliyor. \u00c7ocuklar ve gen\u00e7ler dijital d\u00fcnyan\u0131n [&hellip;]<\/p>\n","protected":false},"author":1,"featured_media":2759,"comment_status":"open","ping_status":"open","sticky":false,"template":"","format":"standard","meta":{"_acf_changed":false,"footnotes":""},"categories":[1],"tags":[],"class_list":["post-2746","post","type-post","status-publish","format-standard","has-post-thumbnail","hentry","category-blog"],"acf":[],"_links":{"self":[{"href":"https:\/\/profaj.co\/rotaegitim\/wp-json\/wp\/v2\/posts\/2746","targetHints":{"allow":["GET"]}}],"collection":[{"href":"https:\/\/profaj.co\/rotaegitim\/wp-json\/wp\/v2\/posts"}],"about":[{"href":"https:\/\/profaj.co\/rotaegitim\/wp-json\/wp\/v2\/types\/post"}],"author":[{"embeddable":true,"href":"https:\/\/profaj.co\/rotaegitim\/wp-json\/wp\/v2\/users\/1"}],"replies":[{"embeddable":true,"href":"https:\/\/profaj.co\/rotaegitim\/wp-json\/wp\/v2\/comments?post=2746"}],"version-history":[{"count":1,"href":"https:\/\/profaj.co\/rotaegitim\/wp-json\/wp\/v2\/posts\/2746\/revisions"}],"predecessor-version":[{"id":2747,"href":"https:\/\/profaj.co\/rotaegitim\/wp-json\/wp\/v2\/posts\/2746\/revisions\/2747"}],"wp:featuredmedia":[{"embeddable":true,"href":"https:\/\/profaj.co\/rotaegitim\/wp-json\/wp\/v2\/media\/2759"}],"wp:attachment":[{"href":"https:\/\/profaj.co\/rotaegitim\/wp-json\/wp\/v2\/media?parent=2746"}],"wp:term":[{"taxonomy":"category","embeddable":true,"href":"https:\/\/profaj.co\/rotaegitim\/wp-json\/wp\/v2\/categories?post=2746"},{"taxonomy":"post_tag","embeddable":true,"href":"https:\/\/profaj.co\/rotaegitim\/wp-json\/wp\/v2\/tags?post=2746"}],"curies":[{"name":"wp","href":"https:\/\/api.w.org\/{rel}","templated":true}]}}