{"id":2748,"date":"2026-03-18T11:01:07","date_gmt":"2026-03-18T11:01:07","guid":{"rendered":"https:\/\/profaj.co\/rotaegitim\/?p=2748"},"modified":"2026-03-18T11:05:51","modified_gmt":"2026-03-18T11:05:51","slug":"cocugunuzun-okula-uyum-surecinde-guclu-bir-baslangic-icin","status":"publish","type":"post","link":"https:\/\/profaj.co\/rotaegitim\/cocugunuzun-okula-uyum-surecinde-guclu-bir-baslangic-icin\/","title":{"rendered":"\u00c7ocu\u011funuzun Okula Uyum S\u00fcrecinde G\u00fc\u00e7l\u00fc Bir Ba\u015flang\u0131\u00e7 \u0130\u00e7in"},"content":{"rendered":"<p><span style=\"font-weight: 400;\">Okula ba\u015flamak bir takvim tarihi de\u011fil; bir \u00e7ocu\u011fun hayat\u0131nda g\u00fcven, ayr\u0131l\u0131k, ke\u015fif ve b\u00fcy\u00fcmenin ayn\u0131 anda deneyimlendi\u011fi hassas bir e\u015fiktir. Bu e\u015fikte belirleyici olan yaln\u0131zca \u00f6\u011fretmen de\u011fil, aile tutumudur. \u00c7\u00fcnk\u00fc \u00e7ocuk okul kap\u0131s\u0131ndan i\u00e7eri yaln\u0131z ad\u0131m atsa da yan\u0131nda ta\u015f\u0131d\u0131\u011f\u0131 en g\u00fc\u00e7l\u00fc rehber ailesidir.<\/span><\/p>\n<p><span style=\"font-weight: 400;\">Uyum s\u00fcrecinin temelinde <\/span><b>g\u00fcven<\/b><span style=\"font-weight: 400;\"> vard\u0131r. \u00c7ocu\u011fun zihninde olu\u015fan \u201cYa beni almazlarsa?\u201d, \u201cYa bir \u015fey olursa?\u201d gibi sorular, ebeveynin sakin ve net duru\u015fuyla azal\u0131r. Ayr\u0131l\u0131klar k\u0131sa, kararl\u0131 ve do\u011fal olmal\u0131d\u0131r. Uzayan vedalar \u00e7ocu\u011fun kayg\u0131s\u0131n\u0131 besler; net ve g\u00fcven veren bir \u201cAk\u015fam g\u00f6r\u00fc\u015f\u00fcr\u00fcz\u201d c\u00fcmlesi ise zihninde d\u00fczen olu\u015fturur.<\/span><\/p>\n<p><span style=\"font-weight: 400;\">Evde kurulan dil \u00e7ok \u00f6nemlidir. Okulu disiplin korkusu, ceza ya da mecburiyet \u00fczerinden anlatmak \u00e7ocu\u011fun \u00f6\u011frenme motivasyonunu zedeler. Okul; geli\u015fimin, arkada\u015fl\u0131\u011f\u0131n ve yeni deneyimlerin alan\u0131 olarak ifade edilmelidir. \u00c7ocuklar okul hakk\u0131ndaki alg\u0131y\u0131 ailelerinin c\u00fcmlelerinden \u00f6\u011frenir. Kullan\u0131lan her kelime, bilin\u00e7alt\u0131nda bir iz b\u0131rak\u0131r.<\/span><\/p>\n<p><span style=\"font-weight: 400;\">Her \u00e7ocuk farkl\u0131d\u0131r. Baz\u0131s\u0131 ilk g\u00fcnden itibaren uyum sa\u011flarken baz\u0131s\u0131 g\u00f6zlem yapmay\u0131, ortam\u0131 tan\u0131may\u0131 ve g\u00fcven toplamay\u0131 tercih eder. Bu farkl\u0131l\u0131\u011f\u0131 kabul etmek, k\u0131yaslaman\u0131n \u00f6n\u00fcne ge\u00e7er. Ba\u015fka \u00e7ocuklarla kar\u015f\u0131la\u015ft\u0131rmak yerine kendi \u00e7ocu\u011funuzun ilerlemesini fark etmek ve k\u00fc\u00e7\u00fck ad\u0131mlar\u0131 g\u00f6r\u00fcn\u00fcr k\u0131lmak \u00e7ok daha de\u011ferlidir. \u201cBug\u00fcn nas\u0131l hissettin?\u201d sorusu, \u201cNeden a\u011flad\u0131n?\u201d sorusundan daha g\u00fc\u00e7l\u00fc bir ileti\u015fim kap\u0131s\u0131 a\u00e7ar.<\/span><\/p>\n<p><span style=\"font-weight: 400;\">Rutin, uyum s\u00fcrecinde g\u00f6r\u00fcnmeyen ama en etkili destek mekanizmas\u0131d\u0131r. Sabah haz\u0131rl\u0131klar\u0131n\u0131n ayn\u0131 ak\u0131\u015fla ilerlemesi, d\u00fczenli uyku saatleri ve okul sonras\u0131 sakin bir ge\u00e7i\u015f alan\u0131 olu\u015fturulmas\u0131 \u00e7ocu\u011fa kontrol ve g\u00fcven duygusu kazand\u0131r\u0131r. Belirsizlik azald\u0131k\u00e7a kayg\u0131 da azal\u0131r. D\u00fczenli tekrar eden bir sistem, \u00e7ocu\u011fun zihninde g\u00fcvenli bir harita olu\u015fturur.<\/span><\/p>\n<p><span style=\"font-weight: 400;\">Okul ile aile aras\u0131ndaki ileti\u015fim ise bu s\u00fcrecin s\u00fcrd\u00fcr\u00fclebilirli\u011fini sa\u011flar. \u00d6\u011fretmenle a\u00e7\u0131k, \u015feffaf ve \u00e7\u00f6z\u00fcm odakl\u0131 bir ileti\u015fim kurmak, olas\u0131 k\u00fc\u00e7\u00fck sorunlar\u0131n b\u00fcy\u00fcmeden y\u00f6netilmesine katk\u0131 sunar. \u00c7ocu\u011fun yan\u0131nda yap\u0131lan olumlu ve destekleyici konu\u015fmalar, okul ile aile aras\u0131nda g\u00fc\u00e7l\u00fc bir k\u00f6pr\u00fc kurar.<\/span><\/p>\n<p><span style=\"font-weight: 400;\">Unutulmamal\u0131d\u0131r ki uyum s\u00fcreci zaman ister. \u0130lk haftalarda ya\u015fanan duygusal dalgalanmalar normaldir ve ge\u00e7icidir. \u00d6nemli olan h\u0131zl\u0131 sonu\u00e7 de\u011fil, sa\u011flam bir ba\u015flang\u0131\u00e7t\u0131r. \u00c7ocuk kendini dinlenmi\u015f, anla\u015f\u0131lm\u0131\u015f ve desteklenmi\u015f hissetti\u011finde okulu bir zorunluluk de\u011fil; ait oldu\u011fu bir alan olarak g\u00f6rmeye ba\u015flar.<\/span><\/p>\n<p><span style=\"font-weight: 400;\">Bug\u00fcn at\u0131lan bilin\u00e7li ad\u0131mlar, \u00e7ocu\u011fun gelecekteki \u00f6zg\u00fcveninin ve \u00f6\u011frenme tutumunun temelini olu\u015fturur.<\/span><\/p>\n","protected":false},"excerpt":{"rendered":"<p>Okula ba\u015flamak bir takvim tarihi de\u011fil; bir \u00e7ocu\u011fun hayat\u0131nda g\u00fcven, ayr\u0131l\u0131k, ke\u015fif ve b\u00fcy\u00fcmenin ayn\u0131 anda deneyimlendi\u011fi hassas bir e\u015fiktir. Bu e\u015fikte belirleyici olan yaln\u0131zca \u00f6\u011fretmen de\u011fil, aile tutumudur. \u00c7\u00fcnk\u00fc \u00e7ocuk okul kap\u0131s\u0131ndan i\u00e7eri yaln\u0131z ad\u0131m atsa da yan\u0131nda ta\u015f\u0131d\u0131\u011f\u0131 en g\u00fc\u00e7l\u00fc rehber ailesidir. Uyum s\u00fcrecinin temelinde g\u00fcven vard\u0131r. \u00c7ocu\u011fun zihninde olu\u015fan \u201cYa beni almazlarsa?\u201d, [&hellip;]<\/p>\n","protected":false},"author":1,"featured_media":2760,"comment_status":"open","ping_status":"open","sticky":false,"template":"","format":"standard","meta":{"_acf_changed":false,"footnotes":""},"categories":[1],"tags":[],"class_list":["post-2748","post","type-post","status-publish","format-standard","has-post-thumbnail","hentry","category-blog"],"acf":[],"_links":{"self":[{"href":"https:\/\/profaj.co\/rotaegitim\/wp-json\/wp\/v2\/posts\/2748","targetHints":{"allow":["GET"]}}],"collection":[{"href":"https:\/\/profaj.co\/rotaegitim\/wp-json\/wp\/v2\/posts"}],"about":[{"href":"https:\/\/profaj.co\/rotaegitim\/wp-json\/wp\/v2\/types\/post"}],"author":[{"embeddable":true,"href":"https:\/\/profaj.co\/rotaegitim\/wp-json\/wp\/v2\/users\/1"}],"replies":[{"embeddable":true,"href":"https:\/\/profaj.co\/rotaegitim\/wp-json\/wp\/v2\/comments?post=2748"}],"version-history":[{"count":1,"href":"https:\/\/profaj.co\/rotaegitim\/wp-json\/wp\/v2\/posts\/2748\/revisions"}],"predecessor-version":[{"id":2749,"href":"https:\/\/profaj.co\/rotaegitim\/wp-json\/wp\/v2\/posts\/2748\/revisions\/2749"}],"wp:featuredmedia":[{"embeddable":true,"href":"https:\/\/profaj.co\/rotaegitim\/wp-json\/wp\/v2\/media\/2760"}],"wp:attachment":[{"href":"https:\/\/profaj.co\/rotaegitim\/wp-json\/wp\/v2\/media?parent=2748"}],"wp:term":[{"taxonomy":"category","embeddable":true,"href":"https:\/\/profaj.co\/rotaegitim\/wp-json\/wp\/v2\/categories?post=2748"},{"taxonomy":"post_tag","embeddable":true,"href":"https:\/\/profaj.co\/rotaegitim\/wp-json\/wp\/v2\/tags?post=2748"}],"curies":[{"name":"wp","href":"https:\/\/api.w.org\/{rel}","templated":true}]}}