{"id":1,"date":"2025-09-26T14:36:22","date_gmt":"2025-09-26T14:36:22","guid":{"rendered":"https:\/\/profaj.co\/tastezgah\/?p=1"},"modified":"2025-10-10T12:13:47","modified_gmt":"2025-10-10T12:13:47","slug":"modern-somine-tasarimlarinda-kullanilan-tas-ve-porselenler","status":"publish","type":"post","link":"https:\/\/profaj.co\/tastezgah\/modern-somine-tasarimlarinda-kullanilan-tas-ve-porselenler\/","title":{"rendered":"Modern \u015e\u00f6mine Tasar\u0131mlar\u0131nda Kullan\u0131lan Ta\u015f ve Porselenler"},"content":{"rendered":"<p>\u0130\u00e7 mimaride bir devrim yaratan b\u00fcy\u00fck ebatl\u0131 porselen levhalar, modern \u015f\u00f6mine tasar\u0131mlar\u0131n\u0131n yeni g\u00f6zdesi. Geli\u015fmi\u015f \u00fcretim teknolojileri sayesinde porselenler, do\u011fal ta\u015flar\u0131n, metallerin, betonun ve hatta ah\u015fab\u0131n g\u00f6r\u00fcn\u00fcm\u00fcn\u00fc birebir taklit edebilirken, kendi \u00fcst\u00fcn fiziksel \u00f6zelliklerini de korur.<\/p>\n<h4>Neden \u015e\u00f6minede Porselen?<\/h4>\n<ol start=\"1\">\n<li><b>S\u0131f\u0131r Derz, Maksimum Etki:<\/b> 3 metreyi a\u015fan boyutlarda \u00fcretilebilen porselen levhalar, yerden tavana kadar tek par\u00e7a halinde uygulanabilir. Bu, derz bo\u015fluklar\u0131 olmadan, kesintisiz ve monolitik bir g\u00f6r\u00fcn\u00fcm sa\u011flar ki bu, modern tasar\u0131m\u0131n temel prensiplerindendir.<\/li>\n<li><b>Ola\u011fan\u00fcst\u00fc Dayan\u0131kl\u0131l\u0131k:<\/b> Porselen, y\u00fcksek \u0131s\u0131da preslenip f\u0131r\u0131nland\u0131\u011f\u0131 i\u00e7in \u0131s\u0131ya, termal \u015foka, \u00e7izilmelere ve lekelere kar\u015f\u0131 inan\u0131lmaz derecede dayan\u0131kl\u0131d\u0131r. Renginde zamanla solma veya sararma olmaz.<\/li>\n<li><b>S\u0131n\u0131rs\u0131z Tasar\u0131m \u00d6zg\u00fcrl\u00fc\u011f\u00fc:<\/b> Mermerin en nadir damarl\u0131 deseninden, br\u00fct betonun end\u00fcstriyel so\u011fuklu\u011funa kadar hayal edebilece\u011finiz her t\u00fcrl\u00fc y\u00fczeyi porselenle elde edebilirsiniz. Bu, tasar\u0131mc\u0131lara ve ev sahiplerine s\u0131n\u0131rs\u0131z bir yarat\u0131c\u0131l\u0131k alan\u0131 sunar.<\/li>\n<li><b>Kolay Bak\u0131m:<\/b> G\u00f6zeneksiz yap\u0131s\u0131 sayesinde leke tutmaz ve temizli\u011fi olduk\u00e7a kolayd\u0131r. Sadece nemli bir bezle silmek yeterlidir.<\/li>\n<\/ol>\n<h4>Tasar\u0131m \u0130pu\u00e7lar\u0131 ve Trendler<\/h4>\n<ul>\n<li><b>Minimalist \u00c7izgi:<\/b> Odan\u0131n odak noktas\u0131n\u0131 \u015f\u00f6mine yapmak i\u00e7in yerden tavana uzanan, desensiz veya \u00e7ok hafif desenli tek bir porselen veya do\u011fal ta\u015f levha kullan\u0131n.<\/li>\n<li><b>Dokusal Kontrast:<\/b> P\u00fcr\u00fczs\u00fcz, cilal\u0131 bir mermer veya porselen \u015f\u00f6mineyi, ham ah\u015fap veya dokulu bir duvar boyas\u0131 ile birle\u015ftirerek zengin bir kontrast yarat\u0131n.<\/li>\n<li><b>Entegre Tasar\u0131m:<\/b> \u015e\u00f6mine kaplamas\u0131n\u0131 yan duvarlara do\u011fru uzatarak oturma ni\u015fleri, odunluk veya TV \u00fcnitesi gibi fonksiyonel alanlar olu\u015fturun. Bu b\u00fct\u00fcnc\u00fcl yakla\u015f\u0131m, mekan\u0131 daha geni\u015f ve d\u00fczenli g\u00f6sterir.<\/li>\n<\/ul>\n<p><b>Sonu\u00e7 olarak;<\/b> \u015f\u00f6mine se\u00e7imi art\u0131k sadece bir \u0131s\u0131nma arac\u0131 se\u00e7imi de\u011fil, ayn\u0131 zamanda bir ya\u015fam tarz\u0131 beyan\u0131d\u0131r. Do\u011fal ta\u015flar\u0131n milyonlarca y\u0131ll\u0131k e\u015fsiz g\u00fczelli\u011fi veya porselenin teknolojik m\u00fckemmelli\u011fi ve tasar\u0131m esnekli\u011fi aras\u0131nda yapaca\u011f\u0131n\u0131z se\u00e7im, evinizin kalbini modern bir sanat eserine d\u00f6n\u00fc\u015ft\u00fcrecektir. Malzemenin dokusunu, rengini ve damarlar\u0131n\u0131 mekan\u0131n\u0131z\u0131n genel ruhuyla birle\u015ftirdi\u011finizde, ortaya sadece s\u0131cakl\u0131k de\u011fil, ayn\u0131 zamanda zamans\u0131z bir zarafet \u00e7\u0131kacakt\u0131r.<\/p>\n","protected":false},"excerpt":{"rendered":"<p>\u0130\u00e7 mimaride bir devrim yaratan b\u00fcy\u00fck ebatl\u0131 porselen levhalar, modern \u015f\u00f6mine tasar\u0131mlar\u0131n\u0131n yeni g\u00f6zdesi. Geli\u015fmi\u015f \u00fcretim teknolojileri sayesinde porselenler, do\u011fal ta\u015flar\u0131n, metallerin, betonun ve hatta ah\u015fab\u0131n g\u00f6r\u00fcn\u00fcm\u00fcn\u00fc birebir taklit edebilirken, kendi \u00fcst\u00fcn fiziksel \u00f6zelliklerini de korur. Neden \u015e\u00f6minede Porselen? S\u0131f\u0131r Derz, Maksimum Etki: 3 metreyi a\u015fan boyutlarda \u00fcretilebilen porselen levhalar, yerden tavana kadar tek par\u00e7a [&hellip;]<\/p>\n","protected":false},"author":1,"featured_media":678,"comment_status":"open","ping_status":"open","sticky":false,"template":"","format":"standard","meta":{"_acf_changed":false,"footnotes":""},"categories":[1],"tags":[],"class_list":["post-1","post","type-post","status-publish","format-standard","has-post-thumbnail","hentry","category-uncategorized"],"acf":[],"_links":{"self":[{"href":"https:\/\/profaj.co\/tastezgah\/wp-json\/wp\/v2\/posts\/1","targetHints":{"allow":["GET"]}}],"collection":[{"href":"https:\/\/profaj.co\/tastezgah\/wp-json\/wp\/v2\/posts"}],"about":[{"href":"https:\/\/profaj.co\/tastezgah\/wp-json\/wp\/v2\/types\/post"}],"author":[{"embeddable":true,"href":"https:\/\/profaj.co\/tastezgah\/wp-json\/wp\/v2\/users\/1"}],"replies":[{"embeddable":true,"href":"https:\/\/profaj.co\/tastezgah\/wp-json\/wp\/v2\/comments?post=1"}],"version-history":[{"count":4,"href":"https:\/\/profaj.co\/tastezgah\/wp-json\/wp\/v2\/posts\/1\/revisions"}],"predecessor-version":[{"id":698,"href":"https:\/\/profaj.co\/tastezgah\/wp-json\/wp\/v2\/posts\/1\/revisions\/698"}],"wp:featuredmedia":[{"embeddable":true,"href":"https:\/\/profaj.co\/tastezgah\/wp-json\/wp\/v2\/media\/678"}],"wp:attachment":[{"href":"https:\/\/profaj.co\/tastezgah\/wp-json\/wp\/v2\/media?parent=1"}],"wp:term":[{"taxonomy":"category","embeddable":true,"href":"https:\/\/profaj.co\/tastezgah\/wp-json\/wp\/v2\/categories?post=1"},{"taxonomy":"post_tag","embeddable":true,"href":"https:\/\/profaj.co\/tastezgah\/wp-json\/wp\/v2\/tags?post=1"}],"curies":[{"name":"wp","href":"https:\/\/api.w.org\/{rel}","templated":true}]}}